{"id":22178,"date":"2025-09-21T06:52:18","date_gmt":"2025-09-21T10:52:18","guid":{"rendered":"https:\/\/entretormentas.com\/?p=22178"},"modified":"2025-09-21T06:52:18","modified_gmt":"2025-09-21T10:52:18","slug":"trabajando-alcalde-hector-soto-inspecciona-obras-en-ejecucion-en-san-francisco","status":"publish","type":"post","link":"https:\/\/entretormentas.com\/trabajando-alcalde-hector-soto-inspecciona-obras-en-ejecucion-en-san-francisco\/","title":{"rendered":"\u00a1TRABAJANDO! Alcalde H\u00e9ctor Soto inspecciona obras en ejecuci\u00f3n en San Francisco"},"content":{"rendered":"\n<p><strong>ENTRE TORMENTAS.<\/strong> Este s\u00e1bado 20 de septiembre, tras el lanzamiento del Plan Quir\u00fargico de Cataratas \u00abQue bien te ves, San Francisco\u00bb, el alcalde sure\u00f1o H\u00e9ctor Soto, realiz\u00f3 un recorrido por algunas de las obras que se est\u00e1n ejecutando de manera simult\u00e1nea en el municipio y que, una vez culminadas, ser\u00e1n de \u00abgran impacto y beneficio para el pueblo\u00bb.<\/p>\n\n\n\n<p>En primer lugar, el mandatario municipal supervis\u00f3 las labores de arborizaci\u00f3n en la Redoma de la Flor de Saharom, ejecutadas por la Direcci\u00f3n Plazas y Parques, enmarcadas en el Plan Cayapa de los Servicios P\u00fablicos a trav\u00e9s del cual se viene rehabilitando integralmente la calle 171 de La Coromoto.<\/p>\n\n\n\n<figure class=\"wp-block-image size-large\"><img fetchpriority=\"high\" decoding=\"async\" width=\"1024\" height=\"683\" src=\"https:\/\/entretormentas.com\/wp-content\/uploads\/2025\/09\/sototrab2-1024x683.jpeg\" alt=\"\" class=\"wp-image-22179\" srcset=\"https:\/\/entretormentas.com\/wp-content\/uploads\/2025\/09\/sototrab2-1024x683.jpeg 1024w, https:\/\/entretormentas.com\/wp-content\/uploads\/2025\/09\/sototrab2-300x200.jpeg 300w, https:\/\/entretormentas.com\/wp-content\/uploads\/2025\/09\/sototrab2-768x512.jpeg 768w, https:\/\/entretormentas.com\/wp-content\/uploads\/2025\/09\/sototrab2.jpeg 1124w\" sizes=\"(max-width: 1024px) 100vw, 1024px\" \/><\/figure>\n\n\n\n<p>En este espacio, Soto destac\u00f3 que se van a colocar unas mil 500 plantas de especies ornamentales y forestales, con el objetivo de embellecer y crear un pulm\u00f3n vegetal en tan concurrida v\u00eda.<\/p>\n\n\n\n<p>Por otra parte y acompa\u00f1ado por la Secretaria de Gobierno de la Regi\u00f3n, \u00c1ngela Fern\u00e1ndez, la autoridad municipal visit\u00f3 la sede del Oncol\u00f3gico G\u00e9nesis Petit, donde inform\u00f3 que gracias a los trabajos que se vienen desarrollando con el apoyo del Gobernador del estado Zulia, Ing. Luis Caldera, se lograron recuperar 40 toneladas del sistema de aires acondicionados, adem\u00e1s de la instalaci\u00f3n de 50 m\u00e1s, para un total de 90 toneladas que climatizar\u00e1n este centro asistencial.<\/p>\n\n\n\n<p>Aunado a ello, Soto destac\u00f3 que \u00abse tiene un avance significativo en los trabajos de impermeabilizaci\u00f3n, encamizado, pintura y rehabilitaci\u00f3n de salas sanitarias. Esperamos en los pr\u00f3ximos d\u00edas recibir los equipos de \u00faltima tecnolog\u00eda para hacer la reinauguraci\u00f3n de este espacio que brinda atenci\u00f3n a m\u00e1s de dos mil pacientes de San Francisco, municipio for\u00e1neos y de otros estados\u00bb.<\/p>\n\n\n\n<figure class=\"wp-block-image size-large\"><img decoding=\"async\" width=\"1024\" height=\"669\" src=\"https:\/\/entretormentas.com\/wp-content\/uploads\/2025\/09\/sototrab3-1024x669.jpeg\" alt=\"\" class=\"wp-image-22180\" srcset=\"https:\/\/entretormentas.com\/wp-content\/uploads\/2025\/09\/sototrab3-1024x669.jpeg 1024w, https:\/\/entretormentas.com\/wp-content\/uploads\/2025\/09\/sototrab3-300x196.jpeg 300w, https:\/\/entretormentas.com\/wp-content\/uploads\/2025\/09\/sototrab3-768x502.jpeg 768w, https:\/\/entretormentas.com\/wp-content\/uploads\/2025\/09\/sototrab3.jpeg 1280w\" sizes=\"(max-width: 1024px) 100vw, 1024px\" \/><\/figure>\n\n\n\n<p>Finalmente, recorrieron las instalaciones del comedor del ayuntamiento sure\u00f1o, el cual esta siendo rehabilitado para atender en el \u00e1rea de alimentaci\u00f3n a m\u00e1s de cuatro mil trabajadores de la Alcald\u00eda y sus dependencias.<\/p>\n\n\n\n<p>\u00abCon estas acciones buscamos dignificar y brindar espacios acordes a nuestro pueblo. Seguiremos juntos construyendo una nueva etapa para San Francisco\u00bb, expres\u00f3 el alcalde H\u00e9ctor Soto.<br><strong><em>ET \/ Prensa Alcald\u00eda de San Francisco<\/em><\/strong><\/p>\n\n\n\n<p><\/p>\n","protected":false},"excerpt":{"rendered":"<p>ENTRE TORMENTAS. Este s\u00e1bado 20 de septiembre, tras el lanzamiento del Plan Quir\u00fargico de Cataratas&#8230;<\/p>\n","protected":false},"author":2,"featured_media":22181,"comment_status":"closed","ping_status":"open","sticky":false,"template":"","format":"standard","meta":{"footnotes":""},"categories":[57,1],"tags":[],"class_list":["post-22178","post","type-post","status-publish","format-standard","has-post-thumbnail","hentry","category-actualidad","category-regionales"],"_links":{"self":[{"href":"https:\/\/entretormentas.com\/index.php?rest_route=\/wp\/v2\/posts\/22178","targetHints":{"allow":["GET"]}}],"collection":[{"href":"https:\/\/entretormentas.com\/index.php?rest_route=\/wp\/v2\/posts"}],"about":[{"href":"https:\/\/entretormentas.com\/index.php?rest_route=\/wp\/v2\/types\/post"}],"author":[{"embeddable":true,"href":"https:\/\/entretormentas.com\/index.php?rest_route=\/wp\/v2\/users\/2"}],"replies":[{"embeddable":true,"href":"https:\/\/entretormentas.com\/index.php?rest_route=%2Fwp%2Fv2%2Fcomments&post=22178"}],"version-history":[{"count":1,"href":"https:\/\/entretormentas.com\/index.php?rest_route=\/wp\/v2\/posts\/22178\/revisions"}],"predecessor-version":[{"id":22182,"href":"https:\/\/entretormentas.com\/index.php?rest_route=\/wp\/v2\/posts\/22178\/revisions\/22182"}],"wp:featuredmedia":[{"embeddable":true,"href":"https:\/\/entretormentas.com\/index.php?rest_route=\/wp\/v2\/media\/22181"}],"wp:attachment":[{"href":"https:\/\/entretormentas.com\/index.php?rest_route=%2Fwp%2Fv2%2Fmedia&parent=22178"}],"wp:term":[{"taxonomy":"category","embeddable":true,"href":"https:\/\/entretormentas.com\/index.php?rest_route=%2Fwp%2Fv2%2Fcategories&post=22178"},{"taxonomy":"post_tag","embeddable":true,"href":"https:\/\/entretormentas.com\/index.php?rest_route=%2Fwp%2Fv2%2Ftags&post=22178"}],"curies":[{"name":"wp","href":"https:\/\/api.w.org\/{rel}","templated":true}]}}