{"id":22191,"date":"2025-09-21T07:03:16","date_gmt":"2025-09-21T11:03:16","guid":{"rendered":"https:\/\/entretormentas.com\/?p=22191"},"modified":"2025-09-21T07:03:17","modified_gmt":"2025-09-21T11:03:17","slug":"desde-la-alcaldia-de-maracaibo-emprendedores-y-empresa-privada-se-integran-a-megajornadas-de-mercados-populares","status":"publish","type":"post","link":"https:\/\/entretormentas.com\/desde-la-alcaldia-de-maracaibo-emprendedores-y-empresa-privada-se-integran-a-megajornadas-de-mercados-populares\/","title":{"rendered":"\u00a1DESDE LA ALCALD\u00cdA DE MARACAIBO! Emprendedores y empresa privada se integran a Megajornadas de Mercados Populares"},"content":{"rendered":"\n<p><strong>ENTRE TORMENTAS.<\/strong> La alcald\u00eda de Maracaibo sigue impulsando los mercados populares en las diferentes parroquias de la ciudad, donde ahora se integran activamente una gran cantidad de emprendedores y empresa privada con una variedad de productos para ofrecer.<\/p>\n\n\n\n<p>Este s\u00e1bado correspondi\u00f3 a los habitantes de la parroquia Idelfonso V\u00e1squez, Barrio 24 de Septiembre, sector Los Planazos, donde el gobierno municipal bolivariano dispuso de la Megajornada Popular con la venta a precios justos en rubros proteicos como pollo, h\u00edgado, mortadela, huevos, pescado, as\u00ed como v\u00edveres, frutas y verduras, hortalizas, queso, leche, ricota, caf\u00e9, pl\u00e1tanos, condimentos, chorizos, entre otros.<\/p>\n\n\n\n<figure class=\"wp-block-image size-large\"><img fetchpriority=\"high\" decoding=\"async\" width=\"1024\" height=\"768\" src=\"https:\/\/entretormentas.com\/wp-content\/uploads\/2025\/09\/manco2-1024x768.jpeg\" alt=\"\" class=\"wp-image-22192\" srcset=\"https:\/\/entretormentas.com\/wp-content\/uploads\/2025\/09\/manco2-1024x768.jpeg 1024w, https:\/\/entretormentas.com\/wp-content\/uploads\/2025\/09\/manco2-300x225.jpeg 300w, https:\/\/entretormentas.com\/wp-content\/uploads\/2025\/09\/manco2-768x576.jpeg 768w, https:\/\/entretormentas.com\/wp-content\/uploads\/2025\/09\/manco2.jpeg 1280w\" sizes=\"(max-width: 1024px) 100vw, 1024px\" \/><\/figure>\n\n\n\n<p>Igualmente, m\u00e1s de 20 emprendedores y empresa privada llevaron sus productos como bisuter\u00eda, art\u00edculos de ferreter\u00eda con la marca INNCO e iluminaci\u00f3n VERT, artesan\u00eda, dulces, reposter\u00eda, frutos secos como el man\u00ed, merey, con emprendedores de diversas parroquias, art\u00edculos marca Zoe para mascotas, la l\u00ednea de supermercado Fiorella, l\u00e1cteos San Sim\u00f3n, crema de leche y ricota Cerro Blanco, Mundo Zapato se hizo presente con calzados escolares, tanques de agua de la empresa WaterBlueTank en una clara demostraci\u00f3n de la inclusi\u00f3n y participaci\u00f3n del poder popular junto a la empresa privada en las jornadas.<\/p>\n\n\n\n<p>Marcos Amaya, director de Comercio Nacional y Exterior de la Alcald\u00eda de Maracaibo, dijo que estas alianzas forman parte de una estrategia para \u201cfomentar el comercio y apoyar a los emprendedores locales, en sinton\u00eda con el plan rector de la 7T del gobierno nacional, que impulsa mercados itinerantes en las 18 parroquias del municipio\u201d.<\/p>\n\n\n\n<p>La jornada se instal\u00f3 desde las 7:00 de la ma\u00f1ana donde acudieron unas mil personas y se comercializaron alrededor de siete toneladas de alimentos; adem\u00e1s la gente pudo obtener servicios gratuitos de peluquer\u00eda y barber\u00eda para ni\u00f1os y adultos.<\/p>\n\n\n\n<p>En el \u00e1rea de atenci\u00f3n para mascotas se atendieron 100 pacientes gatos y perros colocando la vacuna antirr\u00e1bica, desparasitaci\u00f3n, corte de u\u00f1as y limpieza de o\u00eddos.<\/p>\n\n\n\n<figure class=\"wp-block-image size-large\"><img decoding=\"async\" width=\"1024\" height=\"768\" src=\"https:\/\/entretormentas.com\/wp-content\/uploads\/2025\/09\/manco3-1024x768.jpeg\" alt=\"\" class=\"wp-image-22193\" srcset=\"https:\/\/entretormentas.com\/wp-content\/uploads\/2025\/09\/manco3-1024x768.jpeg 1024w, https:\/\/entretormentas.com\/wp-content\/uploads\/2025\/09\/manco3-300x225.jpeg 300w, https:\/\/entretormentas.com\/wp-content\/uploads\/2025\/09\/manco3-768x576.jpeg 768w, https:\/\/entretormentas.com\/wp-content\/uploads\/2025\/09\/manco3.jpeg 1280w\" sizes=\"(max-width: 1024px) 100vw, 1024px\" \/><\/figure>\n\n\n\n<p>El \u00e1rea m\u00e9dica es vital en estas jornadas donde el alcalde ha priorizado la atenci\u00f3n gratuita en pediatr\u00eda, vacunaci\u00f3n, medicina general, medicina interna, valoraci\u00f3n nutricional, examen cardiovascular para los ni\u00f1os y ni\u00f1as en edad escolar, as\u00ed como ex\u00e1menes muy importantes para la mujer como el despistaje de patolog\u00edas mamarias y uterinas con la realizaci\u00f3n de ecograf\u00edas diagn\u00f3sticas en sitio.<\/p>\n\n\n\n<p>Por su parte, el director de FUNDEPO, Gelson Carrillo, indic\u00f3 que \u201csemana a semana se consolidan m\u00e1s rubros; ya no s\u00f3lo de la cesta b\u00e1sica, sino tambi\u00e9n papeler\u00eda, \u00fatiles escolares, ferreter\u00eda, electrodom\u00e9sticos y productos agr\u00edcolas del oeste de la ciudad. El objetivo es profundizar el desarrollo end\u00f3geno sustentable, incorporar cada vez m\u00e1s productores y elevar la conciencia productiva de la ciudadan\u00eda\u201d, resalt\u00f3.<br><strong><em>ET \/ Prensa Alcald\u00eda de Maracaibo<\/em><\/strong><\/p>\n\n\n\n<p><\/p>\n","protected":false},"excerpt":{"rendered":"<p>ENTRE TORMENTAS. La alcald\u00eda de Maracaibo sigue impulsando los mercados populares en las diferentes parroquias&#8230;<\/p>\n","protected":false},"author":2,"featured_media":22194,"comment_status":"closed","ping_status":"open","sticky":false,"template":"","format":"standard","meta":{"footnotes":""},"categories":[57,1],"tags":[],"class_list":["post-22191","post","type-post","status-publish","format-standard","has-post-thumbnail","hentry","category-actualidad","category-regionales"],"_links":{"self":[{"href":"https:\/\/entretormentas.com\/index.php?rest_route=\/wp\/v2\/posts\/22191","targetHints":{"allow":["GET"]}}],"collection":[{"href":"https:\/\/entretormentas.com\/index.php?rest_route=\/wp\/v2\/posts"}],"about":[{"href":"https:\/\/entretormentas.com\/index.php?rest_route=\/wp\/v2\/types\/post"}],"author":[{"embeddable":true,"href":"https:\/\/entretormentas.com\/index.php?rest_route=\/wp\/v2\/users\/2"}],"replies":[{"embeddable":true,"href":"https:\/\/entretormentas.com\/index.php?rest_route=%2Fwp%2Fv2%2Fcomments&post=22191"}],"version-history":[{"count":1,"href":"https:\/\/entretormentas.com\/index.php?rest_route=\/wp\/v2\/posts\/22191\/revisions"}],"predecessor-version":[{"id":22195,"href":"https:\/\/entretormentas.com\/index.php?rest_route=\/wp\/v2\/posts\/22191\/revisions\/22195"}],"wp:featuredmedia":[{"embeddable":true,"href":"https:\/\/entretormentas.com\/index.php?rest_route=\/wp\/v2\/media\/22194"}],"wp:attachment":[{"href":"https:\/\/entretormentas.com\/index.php?rest_route=%2Fwp%2Fv2%2Fmedia&parent=22191"}],"wp:term":[{"taxonomy":"category","embeddable":true,"href":"https:\/\/entretormentas.com\/index.php?rest_route=%2Fwp%2Fv2%2Fcategories&post=22191"},{"taxonomy":"post_tag","embeddable":true,"href":"https:\/\/entretormentas.com\/index.php?rest_route=%2Fwp%2Fv2%2Ftags&post=22191"}],"curies":[{"name":"wp","href":"https:\/\/api.w.org\/{rel}","templated":true}]}}