{"id":22196,"date":"2025-09-21T07:07:41","date_gmt":"2025-09-21T11:07:41","guid":{"rendered":"https:\/\/entretormentas.com\/?p=22196"},"modified":"2025-09-21T07:07:42","modified_gmt":"2025-09-21T11:07:42","slug":"mas-de-500-pacientes-seran-intervenidos-lanzan-plan-quirurgico-de-cataratas-que-bien-te-ves-san-francisco","status":"publish","type":"post","link":"https:\/\/entretormentas.com\/mas-de-500-pacientes-seran-intervenidos-lanzan-plan-quirurgico-de-cataratas-que-bien-te-ves-san-francisco\/","title":{"rendered":"\u00a1M\u00c1S DE 500 PACIENTES SER\u00c1N INTERVENIDOS! Lanzan Plan quir\u00fargico de cataratas \u00abQue bien te ves, San Francisco\u00bb"},"content":{"rendered":"\n<p><strong>ENTRE TORMENTAS.<\/strong> Desde el Auditorio \u00abCh\u00e1vez Vivo\u00bb de la Alcald\u00eda de San Francisco, el alcalde sure\u00f1o, H\u00e9ctor Soto, lanz\u00f3 el Plan Quir\u00fargico de Cataratas \u00abQue bien te ves, San Francisco\u00bb, a trav\u00e9s del cual se pretende beneficiar, en lo que resta del 2025, a m\u00e1s de 500 pacientes con dicho diagn\u00f3stico.<\/p>\n\n\n\n<p>Acompa\u00f1ado por la primera dama de San Francisco, Hilary Soto, por la Autoridad \u00danica Municipal, Dr. Yohendry Luzardo, equipo m\u00e9dico municipal y representantes de su gabinete, el Alcalde H\u00e9ctor Soto, destac\u00f3 que estos beneficiados han sido captados a trav\u00e9s de la VenApp, la cual arroj\u00f3 un total de 263 sanfranciscanos con patolog\u00edas de cataratas, de los cuales ser\u00e1n intervenidos 135 pacientes en esta primera fase.<\/p>\n\n\n\n<figure class=\"wp-block-image size-large\"><img fetchpriority=\"high\" decoding=\"async\" width=\"1024\" height=\"683\" src=\"https:\/\/entretormentas.com\/wp-content\/uploads\/2025\/09\/catasur2-1024x683.jpeg\" alt=\"\" class=\"wp-image-22197\" srcset=\"https:\/\/entretormentas.com\/wp-content\/uploads\/2025\/09\/catasur2-1024x683.jpeg 1024w, https:\/\/entretormentas.com\/wp-content\/uploads\/2025\/09\/catasur2-300x200.jpeg 300w, https:\/\/entretormentas.com\/wp-content\/uploads\/2025\/09\/catasur2-768x512.jpeg 768w, https:\/\/entretormentas.com\/wp-content\/uploads\/2025\/09\/catasur2.jpeg 1280w\" sizes=\"(max-width: 1024px) 100vw, 1024px\" \/><\/figure>\n\n\n\n<p>\u00abEste hermoso plan est\u00e1 enlazado con las pol\u00edticas de atenci\u00f3n social emanadas por nuestro Presidente Constitucional Nicol\u00e1s Maduro, y est\u00e1 respaldado por nuestro hermano gobernador Luis Caldera, donde de manera gratuita, con la ayuda de nuestro Se\u00f1or Jesucristo, con el excelente equipo m\u00e9dico y una tecnolog\u00eda de punta, lograremos devolverle la vista a nuestro pueblo, ese es nuestro compromiso\u00bb, expres\u00f3 Soto.<\/p>\n\n\n\n<p><strong>PLAN INTEGRAL GRATUITO<\/strong><br>La Autoridad \u00danica de Salud de San Francisco y enlace del Instituto P\u00fablico Municipal de la Salud (Imsasur), Dr. Yohendry Luzardo, inform\u00f3 que este programa de salud abarca una atenci\u00f3n integral gratuita que cubre los laboratorios y consultas preoperatorios, cirug\u00eda y cuidados postoperatorios.<\/p>\n\n\n\n<p>Luzardo resalt\u00f3 adem\u00e1s que las intervenciones ser\u00e1n realizadas por el equipo m\u00e9dico oftalmol\u00f3gico y retin\u00f3logo que prestan servicio en Imsasur y la red de Cl\u00ednicas Populares municipales, en el Ambulatorio Popular tipo III El Silencio.<\/p>\n\n\n\n<figure class=\"wp-block-image size-large\"><img decoding=\"async\" width=\"1024\" height=\"683\" src=\"https:\/\/entretormentas.com\/wp-content\/uploads\/2025\/09\/catasur3-1024x683.jpeg\" alt=\"\" class=\"wp-image-22198\" srcset=\"https:\/\/entretormentas.com\/wp-content\/uploads\/2025\/09\/catasur3-1024x683.jpeg 1024w, https:\/\/entretormentas.com\/wp-content\/uploads\/2025\/09\/catasur3-300x200.jpeg 300w, https:\/\/entretormentas.com\/wp-content\/uploads\/2025\/09\/catasur3-768x512.jpeg 768w, https:\/\/entretormentas.com\/wp-content\/uploads\/2025\/09\/catasur3.jpeg 1280w\" sizes=\"(max-width: 1024px) 100vw, 1024px\" \/><\/figure>\n\n\n\n<p>Marcia Villasmil, habitante del barrio Juan Pablo II, parroquia San Francisco, expres\u00f3 su alegr\u00eda de poder recuperar la vista a trav\u00e9s de este plan. \u00abHace tres a\u00f1os que vivo en oscuridad y estoy muy emocionada porque podr\u00e9 ver nuevamente a mis hijos, a mis nietos y lo hermosa que se est\u00e1 poniendo mi ciudad\u00bb, expres\u00f3.<\/p>\n\n\n\n<p>Por otra parte, el Alcalde de San Francisco, H\u00e9ctor Soto, anunci\u00f3 que en los pr\u00f3ximos d\u00edas ser\u00e1 el relanzamiento del programa de atenci\u00f3n del Banco de Drogas del Sur (Bansur), a trav\u00e9s del cual se esperan beneficiar a m\u00e1s de 50 mil sanfranciscanos con patolog\u00edas de di\u00e1betes e hipertensi\u00f3n. De igual forma resalt\u00f3 que, en conjunto con el Ministerio del Poder Popular para la Salud y la Gobernaci\u00f3n del estado Zulia se reimpulsar\u00e1 la Misi\u00f3n Sonrisa en la localidad. \u00abNo hay descanso en cuanto a nuestro pueblo se trata, seguiremos trabando para su bienestar\u00bb, finaliz\u00f3 Soto.<br><strong><em>ET \/ Prensa Alcald\u00eda de San Francisco<\/em><\/strong><\/p>\n","protected":false},"excerpt":{"rendered":"<p>ENTRE TORMENTAS. Desde el Auditorio \u00abCh\u00e1vez Vivo\u00bb de la Alcald\u00eda de San Francisco, el alcalde&#8230;<\/p>\n","protected":false},"author":2,"featured_media":22199,"comment_status":"closed","ping_status":"open","sticky":false,"template":"","format":"standard","meta":{"footnotes":""},"categories":[57,1],"tags":[],"class_list":["post-22196","post","type-post","status-publish","format-standard","has-post-thumbnail","hentry","category-actualidad","category-regionales"],"_links":{"self":[{"href":"https:\/\/entretormentas.com\/index.php?rest_route=\/wp\/v2\/posts\/22196","targetHints":{"allow":["GET"]}}],"collection":[{"href":"https:\/\/entretormentas.com\/index.php?rest_route=\/wp\/v2\/posts"}],"about":[{"href":"https:\/\/entretormentas.com\/index.php?rest_route=\/wp\/v2\/types\/post"}],"author":[{"embeddable":true,"href":"https:\/\/entretormentas.com\/index.php?rest_route=\/wp\/v2\/users\/2"}],"replies":[{"embeddable":true,"href":"https:\/\/entretormentas.com\/index.php?rest_route=%2Fwp%2Fv2%2Fcomments&post=22196"}],"version-history":[{"count":1,"href":"https:\/\/entretormentas.com\/index.php?rest_route=\/wp\/v2\/posts\/22196\/revisions"}],"predecessor-version":[{"id":22200,"href":"https:\/\/entretormentas.com\/index.php?rest_route=\/wp\/v2\/posts\/22196\/revisions\/22200"}],"wp:featuredmedia":[{"embeddable":true,"href":"https:\/\/entretormentas.com\/index.php?rest_route=\/wp\/v2\/media\/22199"}],"wp:attachment":[{"href":"https:\/\/entretormentas.com\/index.php?rest_route=%2Fwp%2Fv2%2Fmedia&parent=22196"}],"wp:term":[{"taxonomy":"category","embeddable":true,"href":"https:\/\/entretormentas.com\/index.php?rest_route=%2Fwp%2Fv2%2Fcategories&post=22196"},{"taxonomy":"post_tag","embeddable":true,"href":"https:\/\/entretormentas.com\/index.php?rest_route=%2Fwp%2Fv2%2Ftags&post=22196"}],"curies":[{"name":"wp","href":"https:\/\/api.w.org\/{rel}","templated":true}]}}