{"id":22201,"date":"2025-09-21T07:11:41","date_gmt":"2025-09-21T11:11:41","guid":{"rendered":"https:\/\/entretormentas.com\/?p=22201"},"modified":"2025-09-21T07:11:42","modified_gmt":"2025-09-21T11:11:42","slug":"desde-hoy-domingo-21-s-la-ciclovia-vuelve-a-maracaibo-con-atencion-medica-garantizada","status":"publish","type":"post","link":"https:\/\/entretormentas.com\/desde-hoy-domingo-21-s-la-ciclovia-vuelve-a-maracaibo-con-atencion-medica-garantizada\/","title":{"rendered":"\u00a1DESDE HOY DOMINGO 21-S! La ciclov\u00eda vuelve a Maracaibo con atenci\u00f3n m\u00e9dica garantizada"},"content":{"rendered":"\n<p><strong>ENTRE TORMENTAS. <\/strong>La Alcald\u00eda de Maracaibo, a trav\u00e9s de la Direcci\u00f3n General de Salud, anuncia su participaci\u00f3n activa en el regreso de la ciclov\u00eda todos los domingos. Ma\u00f1ana 21 de septiembre, entre las 6:00 a.m. y las 9:00 a.m., el personal m\u00e9dico municipal estar\u00e1 presente para brindar atenci\u00f3n preventiva y de emergencia a los participantes, a trav\u00e9s de la presencia de un equipo multidisciplinario, para garantizar el bienestar a lo largo del recorrido.<\/p>\n\n\n\n<p>Por instrucciones del alcalde Giancarlo Di Martino, la Dra. Mayreth Acosta, directora general de salud, inform\u00f3 que se instalar\u00e1 un punto de soporte en la Vereda del Lago, especialmente para quienes disfrutan de la bailoterapia y otras actividades recreativas.<\/p>\n\n\n\n<figure class=\"wp-block-image size-full\"><img fetchpriority=\"high\" decoding=\"async\" width=\"1011\" height=\"624\" src=\"https:\/\/entretormentas.com\/wp-content\/uploads\/2025\/09\/ciclociclo2.jpeg\" alt=\"\" class=\"wp-image-22202\" srcset=\"https:\/\/entretormentas.com\/wp-content\/uploads\/2025\/09\/ciclociclo2.jpeg 1011w, https:\/\/entretormentas.com\/wp-content\/uploads\/2025\/09\/ciclociclo2-300x185.jpeg 300w, https:\/\/entretormentas.com\/wp-content\/uploads\/2025\/09\/ciclociclo2-768x474.jpeg 768w\" sizes=\"(max-width: 1011px) 100vw, 1011px\" \/><\/figure>\n\n\n\n<p><strong>APOYO DE CL\u00cdNICAS M\u00d3VILES<br><\/strong>Destac\u00f3 la directora general de salud, que una cl\u00ednica m\u00f3vil estar\u00e1 ubicada en el punto de retorno, en la Avenida El Milagro, diagonal a Traki, para atender cualquier eventualidad, a fin de proporcionar confianza a quienes desean disfrutar de la ciclov\u00eda.<\/p>\n\n\n\n<p>La Direcci\u00f3n General de Salud reafirma su compromiso con el cuidado integral de los marabinos, ofreciendo atenci\u00f3n oportuna a lo largo de la ruta que inicia en la Avenida 4 Bella Vista, desde la Plaza El \u00c1ngel.<br>Esta acci\u00f3n forma parte de una gesti\u00f3n centrada en el bienestar colectivo y la recuperaci\u00f3n de espacios p\u00fablicos.<\/p>\n\n\n\n<p>\u201cInvitamos a todos a disfrutar de la ciclov\u00eda con tranquilidad, sabiendo que cuentan con un equipo m\u00e9dico preparado para atenderlos\u201d, expres\u00f3 la doctora Acosta, quien agreg\u00f3 que la Alcald\u00eda Bolivariana de Maracaibo contin\u00faa apostando por una ciudad m\u00e1s saludable y activa.<br><strong><em>ET \/ Prensa Alcald\u00eda de Maracaibo<\/em><\/strong><\/p>\n","protected":false},"excerpt":{"rendered":"<p>ENTRE TORMENTAS. La Alcald\u00eda de Maracaibo, a trav\u00e9s de la Direcci\u00f3n General de Salud, anuncia&#8230;<\/p>\n","protected":false},"author":2,"featured_media":22203,"comment_status":"closed","ping_status":"open","sticky":false,"template":"","format":"standard","meta":{"footnotes":""},"categories":[57,1],"tags":[],"class_list":["post-22201","post","type-post","status-publish","format-standard","has-post-thumbnail","hentry","category-actualidad","category-regionales"],"_links":{"self":[{"href":"https:\/\/entretormentas.com\/index.php?rest_route=\/wp\/v2\/posts\/22201","targetHints":{"allow":["GET"]}}],"collection":[{"href":"https:\/\/entretormentas.com\/index.php?rest_route=\/wp\/v2\/posts"}],"about":[{"href":"https:\/\/entretormentas.com\/index.php?rest_route=\/wp\/v2\/types\/post"}],"author":[{"embeddable":true,"href":"https:\/\/entretormentas.com\/index.php?rest_route=\/wp\/v2\/users\/2"}],"replies":[{"embeddable":true,"href":"https:\/\/entretormentas.com\/index.php?rest_route=%2Fwp%2Fv2%2Fcomments&post=22201"}],"version-history":[{"count":1,"href":"https:\/\/entretormentas.com\/index.php?rest_route=\/wp\/v2\/posts\/22201\/revisions"}],"predecessor-version":[{"id":22204,"href":"https:\/\/entretormentas.com\/index.php?rest_route=\/wp\/v2\/posts\/22201\/revisions\/22204"}],"wp:featuredmedia":[{"embeddable":true,"href":"https:\/\/entretormentas.com\/index.php?rest_route=\/wp\/v2\/media\/22203"}],"wp:attachment":[{"href":"https:\/\/entretormentas.com\/index.php?rest_route=%2Fwp%2Fv2%2Fmedia&parent=22201"}],"wp:term":[{"taxonomy":"category","embeddable":true,"href":"https:\/\/entretormentas.com\/index.php?rest_route=%2Fwp%2Fv2%2Fcategories&post=22201"},{"taxonomy":"post_tag","embeddable":true,"href":"https:\/\/entretormentas.com\/index.php?rest_route=%2Fwp%2Fv2%2Ftags&post=22201"}],"curies":[{"name":"wp","href":"https:\/\/api.w.org\/{rel}","templated":true}]}}