{"id":22208,"date":"2025-09-21T07:20:05","date_gmt":"2025-09-21T11:20:05","guid":{"rendered":"https:\/\/entretormentas.com\/?p=22208"},"modified":"2025-09-21T07:20:06","modified_gmt":"2025-09-21T11:20:06","slug":"la-meta-es-entregar-seis-millones-gobierno-inicia-la-distribucion-de-un-millon-de-uniformes-escolares","status":"publish","type":"post","link":"https:\/\/entretormentas.com\/la-meta-es-entregar-seis-millones-gobierno-inicia-la-distribucion-de-un-millon-de-uniformes-escolares\/","title":{"rendered":"\u00a1LA META ES ENTREGAR SEIS MILLONES! Gobierno inicia la distribuci\u00f3n de un mill\u00f3n de uniformes escolares"},"content":{"rendered":"\n<p><strong>ENTRE TORMENTAS. <\/strong>El ministro de Educaci\u00f3n, H\u00e9ctor Rodr\u00edguez, anunci\u00f3 que el Gobierno comenzar\u00e1 a distribuir un mill\u00f3n de uniformes escolares a nivel nacional esta semana. La prioridad, seg\u00fan Rodr\u00edguez, es llegar primero a los ni\u00f1os y j\u00f3venes con mayor necesidad. \u00abA medida que se sigan produciendo\u00bb, el objetivo es alcanzar los seis millones de uniformes.<\/p>\n\n\n\n<p>El anuncio se realiz\u00f3 durante la entrega del Centro de Educaci\u00f3n Inicial (Cein) Aura Bompart en el Barrio Uni\u00f3n de Petare, una escuela que fue rehabilitada y ampliada.<\/p>\n\n\n\n<figure class=\"wp-block-image size-full\"><img fetchpriority=\"high\" decoding=\"async\" width=\"800\" height=\"500\" src=\"https:\/\/entretormentas.com\/wp-content\/uploads\/2025\/09\/uniformes2.jpeg\" alt=\"\" class=\"wp-image-22209\" srcset=\"https:\/\/entretormentas.com\/wp-content\/uploads\/2025\/09\/uniformes2.jpeg 800w, https:\/\/entretormentas.com\/wp-content\/uploads\/2025\/09\/uniformes2-300x188.jpeg 300w, https:\/\/entretormentas.com\/wp-content\/uploads\/2025\/09\/uniformes2-768x480.jpeg 768w, https:\/\/entretormentas.com\/wp-content\/uploads\/2025\/09\/uniformes2-400x250.jpeg 400w\" sizes=\"(max-width: 800px) 100vw, 800px\" \/><\/figure>\n\n\n\n<p>El Cein Aura Bompart no solo recibi\u00f3 mejoras en infraestructura, pintura y espacios deportivos, sino que tambi\u00e9n se le construyeron una cocina, un comedor, nuevas aulas y un teatro. Rodr\u00edguez inst\u00f3 a la comunidad a cuidar la escuela y a convertirla en un centro cultural y social.<\/p>\n\n\n\n<p>La iniciativa del Gobierno contrasta con la situaci\u00f3n que vive la industria local. A principios de agosto, el presidente de la C\u00e1mara Venezolana de la Industria del Vestido (Cavediv), Roberto Rimeris, se\u00f1al\u00f3 que el sector comercializa 60% menos de uniformes escolares que hace cuatro a\u00f1os.<\/p>\n\n\n\n<p>Rimeris explic\u00f3 que la demanda est\u00e1 siendo cubierta por talleres informales y, principalmente, por importaciones. Asegur\u00f3 que las camisas importadas cuestan \u00abla mitad\u00bb que las producidas en Venezuela, lo que dificulta la competencia para los fabricantes nacionales. \u00abNo tenemos una estructura de costo que nos permita competir\u00bb, afirm\u00f3 el representante de Cavediv.<br><strong><em>ET \/ Venevisi\u00f3n<\/em><\/strong><\/p>\n","protected":false},"excerpt":{"rendered":"<p>ENTRE TORMENTAS. El ministro de Educaci\u00f3n, H\u00e9ctor Rodr\u00edguez, anunci\u00f3 que el Gobierno comenzar\u00e1 a distribuir&#8230;<\/p>\n","protected":false},"author":2,"featured_media":22210,"comment_status":"closed","ping_status":"open","sticky":false,"template":"","format":"standard","meta":{"footnotes":""},"categories":[56,49],"tags":[],"class_list":["post-22208","post","type-post","status-publish","format-standard","has-post-thumbnail","hentry","category-destacadas","category-nacionales"],"_links":{"self":[{"href":"https:\/\/entretormentas.com\/index.php?rest_route=\/wp\/v2\/posts\/22208","targetHints":{"allow":["GET"]}}],"collection":[{"href":"https:\/\/entretormentas.com\/index.php?rest_route=\/wp\/v2\/posts"}],"about":[{"href":"https:\/\/entretormentas.com\/index.php?rest_route=\/wp\/v2\/types\/post"}],"author":[{"embeddable":true,"href":"https:\/\/entretormentas.com\/index.php?rest_route=\/wp\/v2\/users\/2"}],"replies":[{"embeddable":true,"href":"https:\/\/entretormentas.com\/index.php?rest_route=%2Fwp%2Fv2%2Fcomments&post=22208"}],"version-history":[{"count":1,"href":"https:\/\/entretormentas.com\/index.php?rest_route=\/wp\/v2\/posts\/22208\/revisions"}],"predecessor-version":[{"id":22211,"href":"https:\/\/entretormentas.com\/index.php?rest_route=\/wp\/v2\/posts\/22208\/revisions\/22211"}],"wp:featuredmedia":[{"embeddable":true,"href":"https:\/\/entretormentas.com\/index.php?rest_route=\/wp\/v2\/media\/22210"}],"wp:attachment":[{"href":"https:\/\/entretormentas.com\/index.php?rest_route=%2Fwp%2Fv2%2Fmedia&parent=22208"}],"wp:term":[{"taxonomy":"category","embeddable":true,"href":"https:\/\/entretormentas.com\/index.php?rest_route=%2Fwp%2Fv2%2Fcategories&post=22208"},{"taxonomy":"post_tag","embeddable":true,"href":"https:\/\/entretormentas.com\/index.php?rest_route=%2Fwp%2Fv2%2Ftags&post=22208"}],"curies":[{"name":"wp","href":"https:\/\/api.w.org\/{rel}","templated":true}]}}