{"id":22223,"date":"2025-09-22T04:06:22","date_gmt":"2025-09-22T08:06:22","guid":{"rendered":"https:\/\/entretormentas.com\/?p=22223"},"modified":"2025-09-22T04:06:23","modified_gmt":"2025-09-22T08:06:23","slug":"en-cabimas-develan-los-mantos-que-lucira-este-ano-la-imagen-de-la-virgen-del-rosario","status":"publish","type":"post","link":"https:\/\/entretormentas.com\/en-cabimas-develan-los-mantos-que-lucira-este-ano-la-imagen-de-la-virgen-del-rosario\/","title":{"rendered":"\u00a1EN CABIMAS! Develan los mantos que lucir\u00e1 este a\u00f1o la imagen de la Virgen del Rosario"},"content":{"rendered":"\n<p><strong>ENTRE TORMENTAS.<\/strong> Tal y como lo anuncio la Di\u00f3cesis de Cabimas, este s\u00e1bado 20 de septiembre en horas de la tarde noche, se procedi\u00f3 a la develaci\u00f3n y exhibici\u00f3n de los mantos que lucir\u00e1 este a\u00f1o la imagen de la Virgen del Rosario.<\/p>\n\n\n\n<p>El acto de fe y devoci\u00f3n Mariana que se realiza por segundo a\u00f1o, se desarroll\u00f3 en la Santa Iglesia Catedral Nuestra Se\u00f1ora del Rosario y el Padre Jorge P\u00e9rez Tobila fue el encargado de oficiar la hermosa homil\u00eda.<\/p>\n\n\n\n<figure class=\"wp-block-image size-full\"><img fetchpriority=\"high\" decoding=\"async\" width=\"1016\" height=\"762\" src=\"https:\/\/entretormentas.com\/wp-content\/uploads\/2025\/09\/mantos2.jpeg\" alt=\"\" class=\"wp-image-22224\" srcset=\"https:\/\/entretormentas.com\/wp-content\/uploads\/2025\/09\/mantos2.jpeg 1016w, https:\/\/entretormentas.com\/wp-content\/uploads\/2025\/09\/mantos2-300x225.jpeg 300w, https:\/\/entretormentas.com\/wp-content\/uploads\/2025\/09\/mantos2-768x576.jpeg 768w\" sizes=\"(max-width: 1016px) 100vw, 1016px\" \/><\/figure>\n\n\n\n<p>Previo a la develaci\u00f3n tuvo lugar el Santo Rosario que sirvi\u00f3 de pre\u00e1mbulo para el emotivo y esperado momento por parte de los feligreses que deseaban admirar los mantos que lucir\u00e1 la Virgen en cada uno de sus recorridos, tras descender del altar el venidero 27.<\/p>\n\n\n\n<p>Una vez develados los mantos el padre Tobila derram\u00f3 agua bendita sobre ellos y los fieles desfilaron para admirar su magica hermosura.<\/p>\n\n\n\n<p><strong>RECONOCIMIENTOS<\/strong><br>A trav\u00e9s de las Servidoras de Mar\u00eda se le hizo entrega de un reconocimiento a las familias que con fe y devoci\u00f3n dise\u00f1aron y confeccionaron los mantos.<\/p>\n\n\n\n<p>Ellas son: Familia Bruno, Familia Nu\u00f1ez Cubillan, Familias Guti\u00e9rrez Rinc\u00f3n\/ Atenci\u00f3n Rinc\u00f3n, Familias Ga\u00f1ango Morales \/Ga\u00f1ango Lugo, Familia Zicardi Leal, Familia Milena Medina de Padr\u00f3n, Familia Hern\u00e1ndez Mendiola, Familia Moreno Lucena, Familia Yoris Carrizo, Familia Ver\u00f3nica Urdaneta \/ Luis Monasterio, Familia Carolina Urdaneta y Familia Mendez Inciarte<\/p>\n\n\n\n<p>En total fueron 12 familias, quienes tuvieron a bien otorgar a nuestra excelsa Patrona 15 hermosos mantos, que plasman su agradecimiento por alg\u00fan favor concedido o como un simple gesto de amor hacia la Patrona de Cabimas.<\/p>\n\n\n\n<figure class=\"wp-block-image size-full\"><img decoding=\"async\" width=\"1016\" height=\"762\" src=\"https:\/\/entretormentas.com\/wp-content\/uploads\/2025\/09\/mantos3.jpeg\" alt=\"\" class=\"wp-image-22225\" srcset=\"https:\/\/entretormentas.com\/wp-content\/uploads\/2025\/09\/mantos3.jpeg 1016w, https:\/\/entretormentas.com\/wp-content\/uploads\/2025\/09\/mantos3-300x225.jpeg 300w, https:\/\/entretormentas.com\/wp-content\/uploads\/2025\/09\/mantos3-768x576.jpeg 768w\" sizes=\"(max-width: 1016px) 100vw, 1016px\" \/><\/figure>\n\n\n\n<p>Igualmente se hizo entrega de un reconocimiento post mortem a Pilar Aguilar de Pe\u00f1a, quien por a\u00f1os fuese Servidora de Mar\u00eda y esposa de C\u00e9sar Pe\u00f1a, coordinador general de los servidores de Maria.<\/p>\n\n\n\n<p><strong>PRESENCIA MUNICIPAL<\/strong><br>Confundido entre la feligres\u00eda estaba el Alcalde Frank Carre\u00f1o y la Primera Dama, Yamileth Olivares de Carre\u00f1o, as\u00ed como el Decano del N\u00facleo Luz Col, Dr. Calixto Hern\u00e1ndez y el Diputado al CLEZ y Servidor de Mar\u00eda, Jos\u00e9 Villarroel.<\/p>\n\n\n\n<p>Al respecto el Alcalde Carre\u00f1o manifest\u00f3: \u00abmi profundo respeto, cari\u00f1o y admiraci\u00f3n para todas esas familia que donaron esos hermosos mantos a nuestra Virgen del Rosario, como una muestra de la f\u00e9 Mariana y dejando en cada uno de ellos un pedacito de su coraz\u00f3n\u00bbdijo la primera autoridad de Cabimas.<\/p>\n\n\n\n<p>Agregando que con esa develaci\u00f3n se da inicio al extenso programa que la municipalidad tiene planificado desarrollar a todo lo largo y ancho del municipio.<br><strong><em>ET \/ Prensa Alcald\u00eda de Cabimas<\/em><\/strong><\/p>\n\n\n\n<p><\/p>\n","protected":false},"excerpt":{"rendered":"<p>ENTRE TORMENTAS. Tal y como lo anuncio la Di\u00f3cesis de Cabimas, este s\u00e1bado 20 de&#8230;<\/p>\n","protected":false},"author":2,"featured_media":22226,"comment_status":"closed","ping_status":"open","sticky":false,"template":"","format":"standard","meta":{"footnotes":""},"categories":[57,1],"tags":[],"class_list":["post-22223","post","type-post","status-publish","format-standard","has-post-thumbnail","hentry","category-actualidad","category-regionales"],"_links":{"self":[{"href":"https:\/\/entretormentas.com\/index.php?rest_route=\/wp\/v2\/posts\/22223","targetHints":{"allow":["GET"]}}],"collection":[{"href":"https:\/\/entretormentas.com\/index.php?rest_route=\/wp\/v2\/posts"}],"about":[{"href":"https:\/\/entretormentas.com\/index.php?rest_route=\/wp\/v2\/types\/post"}],"author":[{"embeddable":true,"href":"https:\/\/entretormentas.com\/index.php?rest_route=\/wp\/v2\/users\/2"}],"replies":[{"embeddable":true,"href":"https:\/\/entretormentas.com\/index.php?rest_route=%2Fwp%2Fv2%2Fcomments&post=22223"}],"version-history":[{"count":1,"href":"https:\/\/entretormentas.com\/index.php?rest_route=\/wp\/v2\/posts\/22223\/revisions"}],"predecessor-version":[{"id":22227,"href":"https:\/\/entretormentas.com\/index.php?rest_route=\/wp\/v2\/posts\/22223\/revisions\/22227"}],"wp:featuredmedia":[{"embeddable":true,"href":"https:\/\/entretormentas.com\/index.php?rest_route=\/wp\/v2\/media\/22226"}],"wp:attachment":[{"href":"https:\/\/entretormentas.com\/index.php?rest_route=%2Fwp%2Fv2%2Fmedia&parent=22223"}],"wp:term":[{"taxonomy":"category","embeddable":true,"href":"https:\/\/entretormentas.com\/index.php?rest_route=%2Fwp%2Fv2%2Fcategories&post=22223"},{"taxonomy":"post_tag","embeddable":true,"href":"https:\/\/entretormentas.com\/index.php?rest_route=%2Fwp%2Fv2%2Ftags&post=22223"}],"curies":[{"name":"wp","href":"https:\/\/api.w.org\/{rel}","templated":true}]}}