{"id":22232,"date":"2025-09-22T04:15:08","date_gmt":"2025-09-22T08:15:08","guid":{"rendered":"https:\/\/entretormentas.com\/?p=22232"},"modified":"2025-09-22T04:15:09","modified_gmt":"2025-09-22T08:15:09","slug":"este-domingo-21-s-mas-de-mil-ciclistas-patinadores-y-corredores-disfrutaron-de-la-ciclovia","status":"publish","type":"post","link":"https:\/\/entretormentas.com\/este-domingo-21-s-mas-de-mil-ciclistas-patinadores-y-corredores-disfrutaron-de-la-ciclovia\/","title":{"rendered":"\u00a1ESTE DOMINGO 21-S! M\u00e1s de mil ciclistas, patinadores y corredores disfrutaron de la ciclov\u00eda"},"content":{"rendered":"\n<p><strong>ENTRE TORMENTAS. <\/strong>M\u00e1s de mil marabinos se sumaron, este domingo 21 de septiembre, a la ciclov\u00eda, actividad que fue reactivada y ampliada por la Alcald\u00eda Bolivariana de Maracaibo, siguiendo instrucciones del alcalde Gian Carlo Di Martino.<\/p>\n\n\n\n<p>La ruta, que antes iba desde la Plaza El \u00c1ngel hasta la entrada norte del Parque Vereda del Lago, ahora se extiende a lo largo de casi siete kil\u00f3metros de la avenida El Milagro.<\/p>\n\n\n\n<p>El circuito inicia en la Plaza El \u00c1ngel y culmina en la Plaza del Mercado Artesanal San Sebasti\u00e1n, junto al Instituto Municipal de la Gaita Ricardo Aguirre (IMGRA) ubicada en la avenida 2 entre calles 96 y 97,<\/p>\n\n\n\n<figure class=\"wp-block-image size-large\"><img fetchpriority=\"high\" decoding=\"async\" width=\"1024\" height=\"683\" src=\"https:\/\/entretormentas.com\/wp-content\/uploads\/2025\/09\/diciclo2-1024x683.jpeg\" alt=\"\" class=\"wp-image-22233\" srcset=\"https:\/\/entretormentas.com\/wp-content\/uploads\/2025\/09\/diciclo2-1024x683.jpeg 1024w, https:\/\/entretormentas.com\/wp-content\/uploads\/2025\/09\/diciclo2-300x200.jpeg 300w, https:\/\/entretormentas.com\/wp-content\/uploads\/2025\/09\/diciclo2-768x512.jpeg 768w, https:\/\/entretormentas.com\/wp-content\/uploads\/2025\/09\/diciclo2.jpeg 1280w\" sizes=\"(max-width: 1024px) 100vw, 1024px\" \/><\/figure>\n\n\n\n<p><strong>SEGURIDAD Y AMBULANCIAS<\/strong><br>La jornada se desarroll\u00f3 entre las 6:00 y las 9:00 de la ma\u00f1ana y cont\u00f3 con un despliegue de 140 funcionarios de seguridad, cuatro ambulancias, cuatro puntos de hidrataci\u00f3n y un espacio de bailoterapia.<\/p>\n\n\n\n<p>Para garantizar el resguardo de los participantes, se cerraron temporalmente los tramos en sentido sur-norte de las avenidas 93 Padilla, El Milagro y 4 Bella Vista.<\/p>\n\n\n\n<p>A partir de ahora, la ciclov\u00eda se realizar\u00e1 todos los domingos desde las 5:00 hasta las 9:00 a.m., manteniendo el mismo protocolo de cierres y seguridad.<\/p>\n\n\n\n<p>Marnick G\u00e1mez, director del Instituto Municipal del Deporte y la Recreaci\u00f3n (IMDEPREC), destac\u00f3 que la ampliaci\u00f3n busca ofrecer m\u00e1s alternativas de esparcimiento: \u201cEstamos entregando a la ciudadan\u00eda toda la Avenida El Milagro como un espacio para el sano disfrute de ciclistas, patinadores, corredores y familias\u201d.<\/p>\n\n\n\n<p>Por su parte, el director general de Polimaracaibo, coronel Napole\u00f3n Rivero Acosta, detall\u00f3 el despliegue de seguridad: \u201cPolic\u00eda regional, municipal, Protecci\u00f3n Civil y Bomberos de Maracaibo trabajamos de forma articulada para garantizar bienestar, salud y tranquilidad durante la ciclov\u00eda\u201d.<\/p>\n\n\n\n<figure class=\"wp-block-image size-large\"><img decoding=\"async\" width=\"1024\" height=\"710\" src=\"https:\/\/entretormentas.com\/wp-content\/uploads\/2025\/09\/diciclo3-1024x710.jpeg\" alt=\"\" class=\"wp-image-22234\" srcset=\"https:\/\/entretormentas.com\/wp-content\/uploads\/2025\/09\/diciclo3-1024x710.jpeg 1024w, https:\/\/entretormentas.com\/wp-content\/uploads\/2025\/09\/diciclo3-300x208.jpeg 300w, https:\/\/entretormentas.com\/wp-content\/uploads\/2025\/09\/diciclo3-768x532.jpeg 768w, https:\/\/entretormentas.com\/wp-content\/uploads\/2025\/09\/diciclo3.jpeg 1232w\" sizes=\"(max-width: 1024px) 100vw, 1024px\" \/><\/figure>\n\n\n\n<p><strong>RECEPTIVIDAD TOTAL<\/strong><br>Los asistentes tambi\u00e9n manifestaron su satisfacci\u00f3n. Vanessa Vargas, patinadora de 41 a\u00f1os, calific\u00f3 la iniciativa como \u201cmaravillosa\u201d y subray\u00f3 la importancia de la seguridad: \u201cLa presencia policial resguarda a todos los atletas. De verdad hac\u00eda falta un espacio as\u00ed para la salud y el desarrollo de la ciudad\u201d.<\/p>\n\n\n\n<p>Alfredo Estrada, de 62 a\u00f1os, coincidi\u00f3 en destacar la organizaci\u00f3n: \u201cEstamos muy bien custodiados y las esquinas seguras. Ojal\u00e1 contin\u00fae esta actividad, cuenta con nuestro apoyo\u201d.<br><strong><em>ET \/ Prensa Alcald\u00eda de Maracaibo<\/em><\/strong><\/p>\n\n\n\n<p><\/p>\n","protected":false},"excerpt":{"rendered":"<p>ENTRE TORMENTAS. M\u00e1s de mil marabinos se sumaron, este domingo 21 de septiembre, a la&#8230;<\/p>\n","protected":false},"author":2,"featured_media":22235,"comment_status":"closed","ping_status":"open","sticky":false,"template":"","format":"standard","meta":{"footnotes":""},"categories":[57,1],"tags":[],"class_list":["post-22232","post","type-post","status-publish","format-standard","has-post-thumbnail","hentry","category-actualidad","category-regionales"],"_links":{"self":[{"href":"https:\/\/entretormentas.com\/index.php?rest_route=\/wp\/v2\/posts\/22232","targetHints":{"allow":["GET"]}}],"collection":[{"href":"https:\/\/entretormentas.com\/index.php?rest_route=\/wp\/v2\/posts"}],"about":[{"href":"https:\/\/entretormentas.com\/index.php?rest_route=\/wp\/v2\/types\/post"}],"author":[{"embeddable":true,"href":"https:\/\/entretormentas.com\/index.php?rest_route=\/wp\/v2\/users\/2"}],"replies":[{"embeddable":true,"href":"https:\/\/entretormentas.com\/index.php?rest_route=%2Fwp%2Fv2%2Fcomments&post=22232"}],"version-history":[{"count":1,"href":"https:\/\/entretormentas.com\/index.php?rest_route=\/wp\/v2\/posts\/22232\/revisions"}],"predecessor-version":[{"id":22236,"href":"https:\/\/entretormentas.com\/index.php?rest_route=\/wp\/v2\/posts\/22232\/revisions\/22236"}],"wp:featuredmedia":[{"embeddable":true,"href":"https:\/\/entretormentas.com\/index.php?rest_route=\/wp\/v2\/media\/22235"}],"wp:attachment":[{"href":"https:\/\/entretormentas.com\/index.php?rest_route=%2Fwp%2Fv2%2Fmedia&parent=22232"}],"wp:term":[{"taxonomy":"category","embeddable":true,"href":"https:\/\/entretormentas.com\/index.php?rest_route=%2Fwp%2Fv2%2Fcategories&post=22232"},{"taxonomy":"post_tag","embeddable":true,"href":"https:\/\/entretormentas.com\/index.php?rest_route=%2Fwp%2Fv2%2Ftags&post=22232"}],"curies":[{"name":"wp","href":"https:\/\/api.w.org\/{rel}","templated":true}]}}