{"id":22237,"date":"2025-09-22T04:20:02","date_gmt":"2025-09-22T08:20:02","guid":{"rendered":"https:\/\/entretormentas.com\/?p=22237"},"modified":"2025-09-22T04:20:02","modified_gmt":"2025-09-22T08:20:02","slug":"solidaridad-gobernacion-celebra-dia-mundial-de-las-playas-con-jornada-de-saneamiento-en-las-costas-del-lago","status":"publish","type":"post","link":"https:\/\/entretormentas.com\/solidaridad-gobernacion-celebra-dia-mundial-de-las-playas-con-jornada-de-saneamiento-en-las-costas-del-lago\/","title":{"rendered":"\u00a1SOLIDARIDAD! Gobernaci\u00f3n celebra D\u00eda Mundial de las Playas con jornada de saneamiento en las costas del Lago"},"content":{"rendered":"\n<p><strong>ENTRE TORMENTAS.<\/strong> En una jornada dedicada a la preservaci\u00f3n del ecosistema, la Gobernaci\u00f3n del Zulia, liderada por el gobernador Luis Caldera, celebr\u00f3 el D\u00eda Mundial de las Playas con una importante limpieza y recolecci\u00f3n de desechos en las orillas del Lago de Maracaibo. Esta cont\u00f3 con la coordinaci\u00f3n de la Secretar\u00eda de Ambiente y la participaci\u00f3n de instituciones del Gobierno Nacional, brigadas ecosocialistas y voluntarios.<\/p>\n\n\n\n<p>La Bah\u00eda de San Carlos, en el municipio Almirante Padilla; el Boulevard Costanero de Cabimas, el Boulevard Padilla de Miranda, la zona de las Palmas en Sim\u00f3n Bol\u00edvar, el Bajo en San Francisco, Bellavista y El Roc\u00edo en Santa Rita y la Vereda del Lago 2, fueron espacios en los que los participantes retiraron desechos y contaminantes que afectan el vital ecosistema lacustre.<\/p>\n\n\n\n<figure class=\"wp-block-image size-large\"><img fetchpriority=\"high\" decoding=\"async\" width=\"1024\" height=\"768\" src=\"https:\/\/entretormentas.com\/wp-content\/uploads\/2025\/09\/goberplaya2-1024x768.jpeg\" alt=\"\" class=\"wp-image-22238\" srcset=\"https:\/\/entretormentas.com\/wp-content\/uploads\/2025\/09\/goberplaya2-1024x768.jpeg 1024w, https:\/\/entretormentas.com\/wp-content\/uploads\/2025\/09\/goberplaya2-300x225.jpeg 300w, https:\/\/entretormentas.com\/wp-content\/uploads\/2025\/09\/goberplaya2-768x576.jpeg 768w, https:\/\/entretormentas.com\/wp-content\/uploads\/2025\/09\/goberplaya2.jpeg 1280w\" sizes=\"(max-width: 1024px) 100vw, 1024px\" \/><\/figure>\n\n\n\n<p>En la zona costanera de la Vereda del Lago 2, la actividad cont\u00f3 con la presencia del secretario y subsecretario de Ambiente regional, Freddy Rodr\u00edguez y Anderson Dur\u00e1n, respectivamente, quienes destacaron la participaci\u00f3n de los cuatro niveles de gobierno, cumpliendo con el sexto v\u00e9rtice de la Gran Misi\u00f3n Madre Tierra, \u201cSaneamiento para la Vida\u201d y la s\u00e9ptima transformaci\u00f3n del Plan de las 7T.<\/p>\n\n\n\n<p>Rodr\u00edguez expuso que la iniciativa no solo se centr\u00f3 en la limpieza, sino que tambi\u00e9n sirvi\u00f3 como un llamado a la concienciaci\u00f3n sobre la importancia de la gesti\u00f3n ambiental y la responsabilidad colectiva.<\/p>\n\n\n\n<p>\u00abEsta actividad es m\u00e1s que una simple limpieza; es un recordatorio de que la responsabilidad de cuidar el ambiente es de todos. Hoy demostramos que, con voluntad y uni\u00f3n, podemos marcar una diferencia significativa en la salud de nuestro ecosistema lacustre\u00bb, afirm\u00f3.<\/p>\n\n\n\n<figure class=\"wp-block-image size-full\"><img decoding=\"async\" width=\"1020\" height=\"765\" src=\"https:\/\/entretormentas.com\/wp-content\/uploads\/2025\/09\/goberplaya3.jpeg\" alt=\"\" class=\"wp-image-22239\" srcset=\"https:\/\/entretormentas.com\/wp-content\/uploads\/2025\/09\/goberplaya3.jpeg 1020w, https:\/\/entretormentas.com\/wp-content\/uploads\/2025\/09\/goberplaya3-300x225.jpeg 300w, https:\/\/entretormentas.com\/wp-content\/uploads\/2025\/09\/goberplaya3-768x576.jpeg 768w\" sizes=\"(max-width: 1020px) 100vw, 1020px\" \/><\/figure>\n\n\n\n<p>La jornada de saneamiento es parte de una serie de acciones promovidas por el Gobierno Nacional liderado por el presidente Nicol\u00e1s Maduro y para la recuperaci\u00f3n y preservaci\u00f3n del Lago de Maracaibo, considerado una de las principales reservas de agua dulce del pa\u00eds y un motor econ\u00f3mico y cultural para la regi\u00f3n.<\/p>\n\n\n\n<p>El esfuerzo conjunto de instituciones del Gobierno Nacional, Municipal y el poder popular refuerza el compromiso de la regi\u00f3n con la sostenibilidad y la protecci\u00f3n del patrimonio natural.<br><strong><em>ET \/ Nota de Prensa<\/em><\/strong><\/p>\n\n\n\n<p><\/p>\n","protected":false},"excerpt":{"rendered":"<p>ENTRE TORMENTAS. En una jornada dedicada a la preservaci\u00f3n del ecosistema, la Gobernaci\u00f3n del Zulia,&#8230;<\/p>\n","protected":false},"author":2,"featured_media":22240,"comment_status":"closed","ping_status":"open","sticky":false,"template":"","format":"standard","meta":{"footnotes":""},"categories":[57,1],"tags":[],"class_list":["post-22237","post","type-post","status-publish","format-standard","has-post-thumbnail","hentry","category-actualidad","category-regionales"],"_links":{"self":[{"href":"https:\/\/entretormentas.com\/index.php?rest_route=\/wp\/v2\/posts\/22237","targetHints":{"allow":["GET"]}}],"collection":[{"href":"https:\/\/entretormentas.com\/index.php?rest_route=\/wp\/v2\/posts"}],"about":[{"href":"https:\/\/entretormentas.com\/index.php?rest_route=\/wp\/v2\/types\/post"}],"author":[{"embeddable":true,"href":"https:\/\/entretormentas.com\/index.php?rest_route=\/wp\/v2\/users\/2"}],"replies":[{"embeddable":true,"href":"https:\/\/entretormentas.com\/index.php?rest_route=%2Fwp%2Fv2%2Fcomments&post=22237"}],"version-history":[{"count":1,"href":"https:\/\/entretormentas.com\/index.php?rest_route=\/wp\/v2\/posts\/22237\/revisions"}],"predecessor-version":[{"id":22241,"href":"https:\/\/entretormentas.com\/index.php?rest_route=\/wp\/v2\/posts\/22237\/revisions\/22241"}],"wp:featuredmedia":[{"embeddable":true,"href":"https:\/\/entretormentas.com\/index.php?rest_route=\/wp\/v2\/media\/22240"}],"wp:attachment":[{"href":"https:\/\/entretormentas.com\/index.php?rest_route=%2Fwp%2Fv2%2Fmedia&parent=22237"}],"wp:term":[{"taxonomy":"category","embeddable":true,"href":"https:\/\/entretormentas.com\/index.php?rest_route=%2Fwp%2Fv2%2Fcategories&post=22237"},{"taxonomy":"post_tag","embeddable":true,"href":"https:\/\/entretormentas.com\/index.php?rest_route=%2Fwp%2Fv2%2Ftags&post=22237"}],"curies":[{"name":"wp","href":"https:\/\/api.w.org\/{rel}","templated":true}]}}