{"id":22242,"date":"2025-09-22T04:23:18","date_gmt":"2025-09-22T08:23:18","guid":{"rendered":"https:\/\/entretormentas.com\/?p=22242"},"modified":"2025-09-22T04:47:17","modified_gmt":"2025-09-22T08:47:17","slug":"para-este-domingo-289-s-cpbez-pnb-y-gnb-van-a-semifinales-en-torneo-de-softbol-glorias-deportivas-del-zulia-2","status":"publish","type":"post","link":"https:\/\/entretormentas.com\/para-este-domingo-289-s-cpbez-pnb-y-gnb-van-a-semifinales-en-torneo-de-softbol-glorias-deportivas-del-zulia-2\/","title":{"rendered":"DIOSDADO CABELLO: \u201cm\u00e1s de cuatro millones de venezolanos\u201d reciben entrenamiento militar"},"content":{"rendered":"\n<p><strong>ENTRE TORMENTAS. <\/strong>El ministro de Interior y Justicia, Diosdado Cabello, advirti\u00f3 este domingo que cualquier intento de agresi\u00f3n contra Venezuela encontrar\u00e1 \u201cun pueblo preparado\u201d y rechaz\u00f3 la idea de que una ofensiva exterior pudiera poner fin al proyecto bolivariano en un plazo breve.<\/p>\n\n\n\n<p>\u201cLos que crean que en un ataque esto se acaba en dos d\u00edas\u2026 est\u00e1n cometiendo un grav\u00edsimo error\u201d, afirm\u00f3 Cabello, durante un acto en el que participaron autoridades regionales y militares, incluido el gobernador Elio Serrano.<\/p>\n\n\n\n<p>Cabello explic\u00f3 que la respuesta venezolana combina movilizaci\u00f3n popular, entrenamiento militar y coordinaci\u00f3n policial. Record\u00f3 que la instrucci\u00f3n presidencial fue acelerar el alistamiento ciudadano y abrir cauces de formaci\u00f3n para que las fuerzas armadas y los cuerpos policiales lleven instrucci\u00f3n al pueblo.<\/p>\n\n\n\n<p>\u201cEl presidente\u2026 orden\u00f3 el alistamiento de los venezolanos y las venezolanas para organizarnos. Abrimos las puertas de los cuarteles para que el pueblo recibiera las primeras instrucciones\u201d, dijo Cabello, y destac\u00f3 que \u201cm\u00e1s de cuatro millones de venezolanos\u201d ya est\u00e1n inscritos en la milicia y reciben entrenamiento.<\/p>\n\n\n\n<p>El ministro detall\u00f3 las tres l\u00edneas estrat\u00e9gicas que, seg\u00fan \u00e9l, marc\u00f3 la presidencia para la defensa nacional: la transici\u00f3n de la lucha no armada a la lucha armada (en cuanto capacidad de defensa), la resistencia activa prolongada \u2014entendida como la continuidad de la vida y la producci\u00f3n pese a las amenazas\u2014 y la ofensiva permanente, una l\u00f3gica de prevenci\u00f3n y anticipaci\u00f3n frente al enemigo.<\/p>\n\n\n\n<p>\u201cLa primera l\u00ednea de acci\u00f3n es la transici\u00f3n de la lucha no armada a la lucha armada\u2026 Esto que hacemos es parte de la resistencia activa prolongada\u201d, subray\u00f3.<\/p>\n\n\n\n<figure class=\"wp-block-image size-full\"><img fetchpriority=\"high\" decoding=\"async\" width=\"696\" height=\"392\" src=\"https:\/\/entretormentas.com\/wp-content\/uploads\/2025\/09\/cabeee2.jpeg\" alt=\"\" class=\"wp-image-22243\" srcset=\"https:\/\/entretormentas.com\/wp-content\/uploads\/2025\/09\/cabeee2.jpeg 696w, https:\/\/entretormentas.com\/wp-content\/uploads\/2025\/09\/cabeee2-300x169.jpeg 300w\" sizes=\"(max-width: 696px) 100vw, 696px\" \/><\/figure>\n\n\n\n<p><strong>Llamado a seguir trabajando como ejemplo de resistencia<\/strong><br>Cabello enfatiz\u00f3 que la \u201cresistencia\u201d no se limita a maniobras militares: la docencia, el trabajo nocturno de polic\u00edas, la actividad empresarial y la producci\u00f3n local tambi\u00e9n forman parte de esa estrategia prolongada. \u201cCuando un maestro da clase cada d\u00eda, eso es parte de la resistencia activa\u201d; \u201ccuando un emprendedor mantiene su empresa, eso es resistencia\u201d, ejemplific\u00f3.<\/p>\n\n\n\n<p>En tono enf\u00e1tico, el dirigente subray\u00f3 que la moral y la cohesi\u00f3n social son factores centrales para disuadir cualquier agresi\u00f3n extranjera:<\/p>\n\n\n\n<p>\u201cLo que no tienen es la moral que tenemos nosotros. Lo que no tienen es la dignidad que tenemos nosotros para resistir, resistir y vencer\u201d, dijo, y pidi\u00f3 \u201cnervios de acero, calma y cordura\u201d a la poblaci\u00f3n.<\/p>\n\n\n\n<p><strong>\u201cEl que se meta con Venezuela nos va a encontrar unidos\u201d<\/strong><br>Cabello adem\u00e1s reivindic\u00f3 la presencia del pueblo en la defensa: mencion\u00f3 la organizaci\u00f3n comunal \u2014\u201ccinco mil 336 circuitos comunales alborotados\u201d\u2014 y la presencia de las fuerzas en las calles como garant\u00eda de que \u201cel que se meta con Venezuela nos va a encontrar unidos\u201d.<\/p>\n\n\n\n<p>A lo largo de su intervenci\u00f3n, el ministro reiter\u00f3 el mensaje de firmeza y disuasi\u00f3n, pero matiz\u00f3 que Venezuela no \u201cbusca\u201d la guerra: \u201cNo le buscamos guerra a nadie. Nunca le hemos declarado la guerra a nadie\u201d, afirm\u00f3, antes de insistir en la capacidad de respuesta en caso de agresi\u00f3n.<br><strong><em>ET \/ Agencias<\/em><\/strong><\/p>\n\n\n\n<p><\/p>\n","protected":false},"excerpt":{"rendered":"<p>ENTRE TORMENTAS. El ministro de Interior y Justicia, Diosdado Cabello, advirti\u00f3 este domingo que cualquier&#8230;<\/p>\n","protected":false},"author":2,"featured_media":22244,"comment_status":"closed","ping_status":"open","sticky":false,"template":"","format":"standard","meta":{"footnotes":""},"categories":[56,49],"tags":[],"class_list":["post-22242","post","type-post","status-publish","format-standard","has-post-thumbnail","hentry","category-destacadas","category-nacionales"],"_links":{"self":[{"href":"https:\/\/entretormentas.com\/index.php?rest_route=\/wp\/v2\/posts\/22242","targetHints":{"allow":["GET"]}}],"collection":[{"href":"https:\/\/entretormentas.com\/index.php?rest_route=\/wp\/v2\/posts"}],"about":[{"href":"https:\/\/entretormentas.com\/index.php?rest_route=\/wp\/v2\/types\/post"}],"author":[{"embeddable":true,"href":"https:\/\/entretormentas.com\/index.php?rest_route=\/wp\/v2\/users\/2"}],"replies":[{"embeddable":true,"href":"https:\/\/entretormentas.com\/index.php?rest_route=%2Fwp%2Fv2%2Fcomments&post=22242"}],"version-history":[{"count":2,"href":"https:\/\/entretormentas.com\/index.php?rest_route=\/wp\/v2\/posts\/22242\/revisions"}],"predecessor-version":[{"id":22259,"href":"https:\/\/entretormentas.com\/index.php?rest_route=\/wp\/v2\/posts\/22242\/revisions\/22259"}],"wp:featuredmedia":[{"embeddable":true,"href":"https:\/\/entretormentas.com\/index.php?rest_route=\/wp\/v2\/media\/22244"}],"wp:attachment":[{"href":"https:\/\/entretormentas.com\/index.php?rest_route=%2Fwp%2Fv2%2Fmedia&parent=22242"}],"wp:term":[{"taxonomy":"category","embeddable":true,"href":"https:\/\/entretormentas.com\/index.php?rest_route=%2Fwp%2Fv2%2Fcategories&post=22242"},{"taxonomy":"post_tag","embeddable":true,"href":"https:\/\/entretormentas.com\/index.php?rest_route=%2Fwp%2Fv2%2Ftags&post=22242"}],"curies":[{"name":"wp","href":"https:\/\/api.w.org\/{rel}","templated":true}]}}