{"id":22260,"date":"2025-09-23T04:02:40","date_gmt":"2025-09-23T08:02:40","guid":{"rendered":"https:\/\/entretormentas.com\/?p=22260"},"modified":"2025-09-23T04:02:41","modified_gmt":"2025-09-23T08:02:41","slug":"en-el-dia-mundial-de-la-paz-mas-de-tres-mil-500-personas-marcharon-por-la-paz-y-la-fe-en-maracaibo","status":"publish","type":"post","link":"https:\/\/entretormentas.com\/en-el-dia-mundial-de-la-paz-mas-de-tres-mil-500-personas-marcharon-por-la-paz-y-la-fe-en-maracaibo\/","title":{"rendered":"\u00a1EN EL D\u00cdA MUNDIAL DE LA PAZ! M\u00e1s de tres mil 500 personas marcharon por la paz y la fe en Maracaibo"},"content":{"rendered":"\n<p><strong>ENTRE TORMENTAS. <\/strong>Maracaibo fue escenario de una multitudinaria concentraci\u00f3n en el marco del D\u00eda Mundial de la Paz, organizada por la Alcald\u00eda Bolivariana de Maracaibo a trav\u00e9s de la Direcci\u00f3n de Cultos y Religiones. El evento reuni\u00f3 a m\u00e1s de 3.500 personas de m\u00e1s de 25 congregaciones cristianas, quienes alzaron su voz con un mensaje de fe, unidad y convivencia pac\u00edfica.<\/p>\n\n\n\n<p>La caminata se realiz\u00f3 en el parque Vereda del Lago, donde los asistentes recorrieron alrededor de dos kil\u00f3metros como una ofrenda simb\u00f3lica por la paz, la soberan\u00eda y la uni\u00f3n de los venezolanos. \u201cQueremos que este mensaje se conmemore no solo hoy, sino todos los d\u00edas posibles, por la paz de Venezuela, nuestra soberan\u00eda e independencia\u201d, expres\u00f3 Luisber G\u00f3mez, director de Cultos y Religiones de la Alcald\u00eda.<\/p>\n\n\n\n<figure class=\"wp-block-image size-full\"><img fetchpriority=\"high\" decoding=\"async\" width=\"1000\" height=\"563\" src=\"https:\/\/entretormentas.com\/wp-content\/uploads\/2025\/09\/MARCHAPAZ2.jpeg\" alt=\"\" class=\"wp-image-22261\" srcset=\"https:\/\/entretormentas.com\/wp-content\/uploads\/2025\/09\/MARCHAPAZ2.jpeg 1000w, https:\/\/entretormentas.com\/wp-content\/uploads\/2025\/09\/MARCHAPAZ2-300x169.jpeg 300w, https:\/\/entretormentas.com\/wp-content\/uploads\/2025\/09\/MARCHAPAZ2-768x432.jpeg 768w\" sizes=\"(max-width: 1000px) 100vw, 1000px\" \/><\/figure>\n\n\n\n<p><strong>ENSAYO PARA OCTUBRE<\/strong><br>G\u00f3mez destac\u00f3 que la procesi\u00f3n sirvi\u00f3 como antesala a una serie de actividades que se desarrollar\u00e1n en octubre con motivo del D\u00eda de la Biblia. Entre ellas se incluyen:<\/p>\n\n\n\n<p>Lectura B\u00edblica en la Plaza de la Rep\u00fablica (5 al 10 de octubre).<\/p>\n\n\n\n<p>Ayuno por Venezuela (12 de octubre).<\/p>\n\n\n\n<p>Evangelizaci\u00f3n masiva en Maracaibo (15 al 20 de octubre).<\/p>\n\n\n\n<p>Inauguraci\u00f3n de la Plaza de la Biblia, el 31 de octubre, en conmemoraci\u00f3n del D\u00eda Mundial de la Biblia.<\/p>\n\n\n\n<figure class=\"wp-block-image size-large\"><img decoding=\"async\" width=\"1024\" height=\"683\" src=\"https:\/\/entretormentas.com\/wp-content\/uploads\/2025\/09\/MARCHAPAZ3-1024x683.jpeg\" alt=\"\" class=\"wp-image-22262\" srcset=\"https:\/\/entretormentas.com\/wp-content\/uploads\/2025\/09\/MARCHAPAZ3-1024x683.jpeg 1024w, https:\/\/entretormentas.com\/wp-content\/uploads\/2025\/09\/MARCHAPAZ3-300x200.jpeg 300w, https:\/\/entretormentas.com\/wp-content\/uploads\/2025\/09\/MARCHAPAZ3-768x512.jpeg 768w, https:\/\/entretormentas.com\/wp-content\/uploads\/2025\/09\/MARCHAPAZ3.jpeg 1080w\" sizes=\"(max-width: 1024px) 100vw, 1024px\" \/><\/figure>\n\n\n\n<p><strong>VOCES DE FE Y ESPERANZA<\/strong><br>Durante la actividad, l\u00edderes religiosos resaltaron la importancia de la paz desde la fe. \u201cHablar de paz es hablar de Jes\u00fas. La alegr\u00eda es uno de los frutos de esa paz, porque una persona sin alegr\u00eda no puede expresarla\u201d, se\u00f1al\u00f3 Luis Fernando Rudas, pastor del Centro Evangel\u00edstico IT y miembro del movimiento Guerreros de Cristo.<\/p>\n\n\n\n<p>Por su parte, Elsa de Villa, de 68 a\u00f1os y miembro de la congregaci\u00f3n Rey de Reyes, calific\u00f3 el encuentro como \u201chermoso\u201d y expres\u00f3 que en sus oraciones siempre pide a Dios por la paz y la felicidad de Venezuela: \u201cQue no haya guerra ni contienda, que prevalezcan la libertad y la paz ante cualquier situaci\u00f3n\u201d.<br><strong><em>ET \/ Prensa Alcald\u00eda de Maracaibo<\/em><\/strong><\/p>\n","protected":false},"excerpt":{"rendered":"<p>ENTRE TORMENTAS. Maracaibo fue escenario de una multitudinaria concentraci\u00f3n en el marco del D\u00eda Mundial&#8230;<\/p>\n","protected":false},"author":2,"featured_media":22263,"comment_status":"closed","ping_status":"open","sticky":false,"template":"","format":"standard","meta":{"footnotes":""},"categories":[57,1],"tags":[],"class_list":["post-22260","post","type-post","status-publish","format-standard","has-post-thumbnail","hentry","category-actualidad","category-regionales"],"_links":{"self":[{"href":"https:\/\/entretormentas.com\/index.php?rest_route=\/wp\/v2\/posts\/22260","targetHints":{"allow":["GET"]}}],"collection":[{"href":"https:\/\/entretormentas.com\/index.php?rest_route=\/wp\/v2\/posts"}],"about":[{"href":"https:\/\/entretormentas.com\/index.php?rest_route=\/wp\/v2\/types\/post"}],"author":[{"embeddable":true,"href":"https:\/\/entretormentas.com\/index.php?rest_route=\/wp\/v2\/users\/2"}],"replies":[{"embeddable":true,"href":"https:\/\/entretormentas.com\/index.php?rest_route=%2Fwp%2Fv2%2Fcomments&post=22260"}],"version-history":[{"count":1,"href":"https:\/\/entretormentas.com\/index.php?rest_route=\/wp\/v2\/posts\/22260\/revisions"}],"predecessor-version":[{"id":22264,"href":"https:\/\/entretormentas.com\/index.php?rest_route=\/wp\/v2\/posts\/22260\/revisions\/22264"}],"wp:featuredmedia":[{"embeddable":true,"href":"https:\/\/entretormentas.com\/index.php?rest_route=\/wp\/v2\/media\/22263"}],"wp:attachment":[{"href":"https:\/\/entretormentas.com\/index.php?rest_route=%2Fwp%2Fv2%2Fmedia&parent=22260"}],"wp:term":[{"taxonomy":"category","embeddable":true,"href":"https:\/\/entretormentas.com\/index.php?rest_route=%2Fwp%2Fv2%2Fcategories&post=22260"},{"taxonomy":"post_tag","embeddable":true,"href":"https:\/\/entretormentas.com\/index.php?rest_route=%2Fwp%2Fv2%2Ftags&post=22260"}],"curies":[{"name":"wp","href":"https:\/\/api.w.org\/{rel}","templated":true}]}}