{"id":22265,"date":"2025-09-23T04:06:56","date_gmt":"2025-09-23T08:06:56","guid":{"rendered":"https:\/\/entretormentas.com\/?p=22265"},"modified":"2025-09-23T04:06:57","modified_gmt":"2025-09-23T08:06:57","slug":"tradicion-marabina-alegria-colorido-musica-y-diversion-en-la-retreta-de-la-calle-carabobo","status":"publish","type":"post","link":"https:\/\/entretormentas.com\/tradicion-marabina-alegria-colorido-musica-y-diversion-en-la-retreta-de-la-calle-carabobo\/","title":{"rendered":"\u00a1TRADICI\u00d3N MARABINA! Alegr\u00eda, colorido, m\u00fasica y diversi\u00f3n en la retreta de la Calle Carabobo"},"content":{"rendered":"\n<p><strong>ENTRE TORMENTAS. <\/strong>Las familias disfrutaron de la retreta de la Calle Carabobo, con m\u00fasica tradicional, platos t\u00edpicos y artesan\u00eda que caracteriza la cultura regional.<br>Es la primera edici\u00f3n de esta actividad cultural organizada por la Direcci\u00f3n de Turismo de la Alcald\u00eda de Maracaibo, en la gesti\u00f3n de Giancarlo Di Martino, con el prop\u00f3sito de rescatar esa tradici\u00f3n para la recreaci\u00f3n de toda la familia, inform\u00f3 Karen Soto, directora de turismo.<\/p>\n\n\n\n<p>Refiri\u00f3 Soto que \u201chace muchos a\u00f1os la Retreta se realizaba en las plazas, espec\u00edficamente en la Plaza Bol\u00edvar, donde las personas se reun\u00edan para compartir de las presentaciones musicales, degustar de la gastronom\u00eda con la variedad de platos t\u00edpicos y de los diversos productos que ofrecen emprendedores del Municipio Maracaibo.<\/p>\n\n\n\n<p><strong>UN POCO DE HISTORIA<\/strong><br>El origen de la retreta en Maracaibo, como en otros lugares de Hispanoam\u00e9rica, se relaciona con la fiesta musical nocturna o vespertina que ofrece una banda militar o de otras instituciones; tambi\u00e9n se vincula a la celebraci\u00f3n cultural en la cual participan diversas manifestaciones musicales al aire libre, para el disfrute de la poblaci\u00f3n.<\/p>\n\n\n\n<p>Explica Cecilia Lomonaco, adjunta encargada de turismo, que la Noche de Retreta en la calle Carabobo, revive una de las tradiciones de la ciudad, que motiva el compartir en familia, amigos y visitantes.<\/p>\n\n\n\n<figure class=\"wp-block-image size-large\"><img fetchpriority=\"high\" decoding=\"async\" width=\"1024\" height=\"683\" src=\"https:\/\/entretormentas.com\/wp-content\/uploads\/2025\/09\/RETRETATA1-1024x683.jpeg\" alt=\"\" class=\"wp-image-22266\" srcset=\"https:\/\/entretormentas.com\/wp-content\/uploads\/2025\/09\/RETRETATA1-1024x683.jpeg 1024w, https:\/\/entretormentas.com\/wp-content\/uploads\/2025\/09\/RETRETATA1-300x200.jpeg 300w, https:\/\/entretormentas.com\/wp-content\/uploads\/2025\/09\/RETRETATA1-768x512.jpeg 768w, https:\/\/entretormentas.com\/wp-content\/uploads\/2025\/09\/RETRETATA1.jpeg 1280w\" sizes=\"(max-width: 1024px) 100vw, 1024px\" \/><\/figure>\n\n\n\n<p>\u201cEs una ocasi\u00f3n para exaltar los valores patrimoniales de Maracaibo, en especial la difusi\u00f3n de la gaita con la presentaci\u00f3n de diversas agrupaciones locales, como antesala a la Feria de la Chinita\u201d, agreg\u00f3 Lomonaco.<\/p>\n\n\n\n<p><strong>RITMO, SABOR Y TRADICI\u00d3N<\/strong><br>La Noche de Retreta es un espacio donde la m\u00fasica une a los amigos y a la familia en la calle Calle Carabobo del emblem\u00e1tico centro hist\u00f3rico de Maracaibo y en esta renovada etapa prevaleci\u00f3 el ritmo, el sabor de los platos t\u00edpicos como parte de la tradici\u00f3n marabina.<br>Adem\u00e1s, estuvo a disposici\u00f3n de los asistentes un recorrido en el ic\u00f3nico Tranv\u00eda de Maracaibo.<\/p>\n\n\n\n<p>Los emprendedores participaron con diversidad de productos que inclu\u00edan artesan\u00edas y gastronom\u00eda zuliana.<\/p>\n\n\n\n<p>Para Jessy Gasc\u00f3n, presidenta del Concejo Municipal de Maracaibo, la Retreta representa un impulso a la econom\u00eda, porque genera un intercambio en el que participan emprendedores, empresas privadas y las familias que residen en las inmediaciones de la emblem\u00e1tica parroquia Bol\u00edvar.<br>Destac\u00f3 la concejal Gasc\u00f3n que el alcalde Giancarlo Di Martino con la propuesta de reanudar la Noche de Retreta le devuelve a la ciudad la posibilidad de participaci\u00f3n a los emprendedores, a las agrupaciones locales de gaita, que contribuyen al rescate de la tradici\u00f3n, de la identidad del marabino.<\/p>\n\n\n\n<p>Recalc\u00f3 que Maracaibo es una ciudad con elevado potencial productivo, lo que es un aval confianza jur\u00eddica, econ\u00f3mica y social para los inversionistas; existen expectativas positivas para lograr que Maracaibo sea la primera ciudad de Venezuela.<br><strong><em>ET \/ Prensa Alcald\u00eda de Maracaibo<\/em><\/strong><\/p>\n","protected":false},"excerpt":{"rendered":"<p>ENTRE TORMENTAS. Las familias disfrutaron de la retreta de la Calle Carabobo, con m\u00fasica tradicional,&#8230;<\/p>\n","protected":false},"author":2,"featured_media":22267,"comment_status":"closed","ping_status":"open","sticky":false,"template":"","format":"standard","meta":{"footnotes":""},"categories":[57,1],"tags":[],"class_list":["post-22265","post","type-post","status-publish","format-standard","has-post-thumbnail","hentry","category-actualidad","category-regionales"],"_links":{"self":[{"href":"https:\/\/entretormentas.com\/index.php?rest_route=\/wp\/v2\/posts\/22265","targetHints":{"allow":["GET"]}}],"collection":[{"href":"https:\/\/entretormentas.com\/index.php?rest_route=\/wp\/v2\/posts"}],"about":[{"href":"https:\/\/entretormentas.com\/index.php?rest_route=\/wp\/v2\/types\/post"}],"author":[{"embeddable":true,"href":"https:\/\/entretormentas.com\/index.php?rest_route=\/wp\/v2\/users\/2"}],"replies":[{"embeddable":true,"href":"https:\/\/entretormentas.com\/index.php?rest_route=%2Fwp%2Fv2%2Fcomments&post=22265"}],"version-history":[{"count":1,"href":"https:\/\/entretormentas.com\/index.php?rest_route=\/wp\/v2\/posts\/22265\/revisions"}],"predecessor-version":[{"id":22268,"href":"https:\/\/entretormentas.com\/index.php?rest_route=\/wp\/v2\/posts\/22265\/revisions\/22268"}],"wp:featuredmedia":[{"embeddable":true,"href":"https:\/\/entretormentas.com\/index.php?rest_route=\/wp\/v2\/media\/22267"}],"wp:attachment":[{"href":"https:\/\/entretormentas.com\/index.php?rest_route=%2Fwp%2Fv2%2Fmedia&parent=22265"}],"wp:term":[{"taxonomy":"category","embeddable":true,"href":"https:\/\/entretormentas.com\/index.php?rest_route=%2Fwp%2Fv2%2Fcategories&post=22265"},{"taxonomy":"post_tag","embeddable":true,"href":"https:\/\/entretormentas.com\/index.php?rest_route=%2Fwp%2Fv2%2Ftags&post=22265"}],"curies":[{"name":"wp","href":"https:\/\/api.w.org\/{rel}","templated":true}]}}