{"id":22269,"date":"2025-09-23T04:09:47","date_gmt":"2025-09-23T08:09:47","guid":{"rendered":"https:\/\/entretormentas.com\/?p=22269"},"modified":"2025-09-23T04:09:48","modified_gmt":"2025-09-23T08:09:48","slug":"en-san-francisco-clez-inicia-consultas-regionales-publicas-sobre-regulacion-del-uso-de-motocicletas","status":"publish","type":"post","link":"https:\/\/entretormentas.com\/en-san-francisco-clez-inicia-consultas-regionales-publicas-sobre-regulacion-del-uso-de-motocicletas\/","title":{"rendered":"\u00a1EN SAN FRANCISCO! CLEZ inicia consultas regionales p\u00fablicas sobre regulaci\u00f3n del uso de motocicletas"},"content":{"rendered":"\n<p><strong>ENTRE TORMENTAS. <\/strong>Desde el municipio San Francisco, el Consejo Legislativo del estado Zulia (CLEZ) dio inicio este lunes 22 de septiembre, al despliegue de consultas p\u00fablicas del Proyecto de Ley Especial sobre Regulaci\u00f3n Complementaria del Uso de Motocicletas en el Zulia, que se estar\u00e1 realizando en los diferentes ejes que integran la regi\u00f3n, con el fin de debatir y enriquecer esta ley.<\/p>\n\n\n\n<p>Desde el Sal\u00f3n \u00abCh\u00e1vez Vivo\u00bb, de la Alcald\u00eda de San Francisco, la presidenta del parlamento zuliano, Magdely Valbuena, en compa\u00f1\u00eda de los legisladores Alberto Hern\u00e1ndez, Maribel Brice\u00f1o, Jos\u00e9 Sierra, Edgar Ant\u00fanez, Yordy Sirit, Jacqueline Michel, Henry Ramones, Jes\u00fas Medina y el alcalde H\u00e9ctor Soto, discutieron el articulado junto representantes de los municipios Jes\u00fas Enrique Lossada y La Ca\u00f1ada de Urdaneta, agrupados en esta localidad sure\u00f1a, a la cual se sumaron asociaciones de motorizados, organismos de seguridad ciudadana y prevenci\u00f3n, concejales, institutos municipales de transporte y el INTT.<\/p>\n\n\n\n<figure class=\"wp-block-image size-large\"><img fetchpriority=\"high\" decoding=\"async\" width=\"1024\" height=\"768\" src=\"https:\/\/entretormentas.com\/wp-content\/uploads\/2025\/09\/MOTOCONSULTA2-1024x768.jpeg\" alt=\"\" class=\"wp-image-22270\" srcset=\"https:\/\/entretormentas.com\/wp-content\/uploads\/2025\/09\/MOTOCONSULTA2-1024x768.jpeg 1024w, https:\/\/entretormentas.com\/wp-content\/uploads\/2025\/09\/MOTOCONSULTA2-300x225.jpeg 300w, https:\/\/entretormentas.com\/wp-content\/uploads\/2025\/09\/MOTOCONSULTA2-768x576.jpeg 768w, https:\/\/entretormentas.com\/wp-content\/uploads\/2025\/09\/MOTOCONSULTA2.jpeg 1280w\" sizes=\"(max-width: 1024px) 100vw, 1024px\" \/><\/figure>\n\n\n\n<p>La m\u00e1xima autoridad legislativa de la regi\u00f3n explic\u00f3 que el crecimiento exponencial del uso de motocicletas se ha convertido en un problema de salud p\u00fablica en la regi\u00f3n, ante el incremento de accidentes viales. Aclar\u00f3 que \u00abno se trata de prohibir el uso de este tipo de veh\u00edculo, sino de fortalecer las normativas establecidas y hacerlas cumplir, en funci\u00f3n de prevenir accidentes y de preservar la vida\u00bb.<\/p>\n\n\n\n<p>Por su parte, el legislador Alberto Hern\u00e1ndez, presidente de la comisi\u00f3n especial para elaboraci\u00f3n de esta ley, indic\u00f3 que no es una normativa que solamente va a regular la actividad de los motorizados, sino que tambi\u00e9n reconoce y reivindica la actividad que desarrollan los ciudadanos que conducen motocicletas.<\/p>\n\n\n\n<p>Los legisladores anunciaron que en los pr\u00f3ximos d\u00edas estar\u00e1n visitando la Costa Oriental del Lago, la subregi\u00f3n Guajira, Perij\u00e1 y el Sur del Lago, para seguir fortaleciendo esta normativa y escuchar las necesidades de cada municipio, con el fin de que todas las voces sean escuchadas y sus propuestas consideradas.<br><strong><em>ET \/ Prensa CLEZ<\/em><\/strong><\/p>\n","protected":false},"excerpt":{"rendered":"<p>ENTRE TORMENTAS. Desde el municipio San Francisco, el Consejo Legislativo del estado Zulia (CLEZ) dio&#8230;<\/p>\n","protected":false},"author":2,"featured_media":22271,"comment_status":"closed","ping_status":"open","sticky":false,"template":"","format":"standard","meta":{"footnotes":""},"categories":[57,1],"tags":[],"class_list":["post-22269","post","type-post","status-publish","format-standard","has-post-thumbnail","hentry","category-actualidad","category-regionales"],"_links":{"self":[{"href":"https:\/\/entretormentas.com\/index.php?rest_route=\/wp\/v2\/posts\/22269","targetHints":{"allow":["GET"]}}],"collection":[{"href":"https:\/\/entretormentas.com\/index.php?rest_route=\/wp\/v2\/posts"}],"about":[{"href":"https:\/\/entretormentas.com\/index.php?rest_route=\/wp\/v2\/types\/post"}],"author":[{"embeddable":true,"href":"https:\/\/entretormentas.com\/index.php?rest_route=\/wp\/v2\/users\/2"}],"replies":[{"embeddable":true,"href":"https:\/\/entretormentas.com\/index.php?rest_route=%2Fwp%2Fv2%2Fcomments&post=22269"}],"version-history":[{"count":1,"href":"https:\/\/entretormentas.com\/index.php?rest_route=\/wp\/v2\/posts\/22269\/revisions"}],"predecessor-version":[{"id":22272,"href":"https:\/\/entretormentas.com\/index.php?rest_route=\/wp\/v2\/posts\/22269\/revisions\/22272"}],"wp:featuredmedia":[{"embeddable":true,"href":"https:\/\/entretormentas.com\/index.php?rest_route=\/wp\/v2\/media\/22271"}],"wp:attachment":[{"href":"https:\/\/entretormentas.com\/index.php?rest_route=%2Fwp%2Fv2%2Fmedia&parent=22269"}],"wp:term":[{"taxonomy":"category","embeddable":true,"href":"https:\/\/entretormentas.com\/index.php?rest_route=%2Fwp%2Fv2%2Fcategories&post=22269"},{"taxonomy":"post_tag","embeddable":true,"href":"https:\/\/entretormentas.com\/index.php?rest_route=%2Fwp%2Fv2%2Ftags&post=22269"}],"curies":[{"name":"wp","href":"https:\/\/api.w.org\/{rel}","templated":true}]}}