{"id":22277,"date":"2025-09-23T04:17:35","date_gmt":"2025-09-23T08:17:35","guid":{"rendered":"https:\/\/entretormentas.com\/?p=22277"},"modified":"2025-09-23T04:17:36","modified_gmt":"2025-09-23T08:17:36","slug":"para-57-hogares-alcalde-hector-soto-entrega-materiales-de-construccion-a-afectados-por-la-explosion","status":"publish","type":"post","link":"https:\/\/entretormentas.com\/para-57-hogares-alcalde-hector-soto-entrega-materiales-de-construccion-a-afectados-por-la-explosion\/","title":{"rendered":"\u00a1PARA 57 HOGARES! Alcalde H\u00e9ctor Soto entrega materiales de construcci\u00f3n a afectados por la explosi\u00f3n"},"content":{"rendered":"\n<p><strong>ENTRE TORMENTAS.<\/strong> Siguiendo con las atenciones a las familias afectadas por la explosi\u00f3n en la f\u00e1brica de fuegos artificiales \u00abGallo Verde\u00bb, en la parroquia Marcial Hern\u00e1ndez, el Alcalde de San Francisco, H\u00e9ctor Soto, realiz\u00f3 la entrega de mil l\u00e1minas de acerolit destinadas a la reparaci\u00f3n de techos de viviendas adyacentes al lugar del suceso.<\/p>\n\n\n\n<p>Acompa\u00f1ado por el viceministro del Poder Popular para el H\u00e1bitat y Vivienda, G\/D Audi Manuel Delgado Nava, la primera dama del municipio, Poder Popular Organizado, parte de su gabinete y equipo pol\u00edtico, el alcalde sure\u00f1o despleg\u00f3 la maquinaria y cuadrillas conformadas por personal de Misi\u00f3n Vivienda, Alcald\u00eda de San Francisco y comunidad, que iniciar\u00e1n las labores de reparaci\u00f3n de los techos de 57 hogares medianamente afectados por la onda expansiva provocada por la explosi\u00f3n.<\/p>\n\n\n\n<figure class=\"wp-block-image size-large\"><img fetchpriority=\"high\" decoding=\"async\" width=\"1024\" height=\"579\" src=\"https:\/\/entretormentas.com\/wp-content\/uploads\/2025\/09\/SOTOTECHOS2-1024x579.jpeg\" alt=\"\" class=\"wp-image-22278\" srcset=\"https:\/\/entretormentas.com\/wp-content\/uploads\/2025\/09\/SOTOTECHOS2-1024x579.jpeg 1024w, https:\/\/entretormentas.com\/wp-content\/uploads\/2025\/09\/SOTOTECHOS2-300x170.jpeg 300w, https:\/\/entretormentas.com\/wp-content\/uploads\/2025\/09\/SOTOTECHOS2-768x434.jpeg 768w, https:\/\/entretormentas.com\/wp-content\/uploads\/2025\/09\/SOTOTECHOS2.jpeg 1280w\" sizes=\"(max-width: 1024px) 100vw, 1024px\" \/><\/figure>\n\n\n\n<p>El mandatario municipal inform\u00f3 que de esta manera se inicia la fase de respuesta en materia de infraestructura, a trav\u00e9s de los trabajos que se desarrollar\u00e1n gracias a los cuatro niveles de Gobierno (nacional, regional, municipal y comunal), inmersos en el plan de atenci\u00f3n integral orientado al bienestar de los damnificados.<\/p>\n\n\n\n<p>\u00abDesde el primer d\u00eda del suceso hemos venido atendiendo a nuestros hermanos, en materia de salud, de alimentaci\u00f3n y ahora en el tema de la rehabilitaci\u00f3n de sus viviendas. Comenzamos con las menos afectados pero iremos atendiendo de manera progresiva cada caso; adem\u00e1s junto al Ministerio de H\u00e1bitad y Vivienda, estamos evaluando la construcci\u00f3n de un Complejo Habitacional para poder asignarles un hogar digno a aquellos que tuvieron p\u00e9rdida total de sus bienes\u00bb, expres\u00f3 Soto.<\/p>\n\n\n\n<figure class=\"wp-block-image size-large\"><img decoding=\"async\" width=\"1024\" height=\"576\" src=\"https:\/\/entretormentas.com\/wp-content\/uploads\/2025\/09\/SOTOTECHOS3-1024x576.jpeg\" alt=\"\" class=\"wp-image-22279\" srcset=\"https:\/\/entretormentas.com\/wp-content\/uploads\/2025\/09\/SOTOTECHOS3-1024x576.jpeg 1024w, https:\/\/entretormentas.com\/wp-content\/uploads\/2025\/09\/SOTOTECHOS3-300x169.jpeg 300w, https:\/\/entretormentas.com\/wp-content\/uploads\/2025\/09\/SOTOTECHOS3-768x432.jpeg 768w, https:\/\/entretormentas.com\/wp-content\/uploads\/2025\/09\/SOTOTECHOS3.jpeg 1280w\" sizes=\"(max-width: 1024px) 100vw, 1024px\" \/><\/figure>\n\n\n\n<p>Por su parte, Enyerli Bravo, habitante de Hatos de Agua Viva, beneficiada con la entrega de materiales, expres\u00f3 su alegr\u00eda por la inmediatez en la respuesta que \u00abgenera tranquilidad en mi familia, ya que con ocho meses de embarazo estaba muy asustada de no poder contar con un hogar acondicionado, pero gracias al Presidente Nicol\u00e1s Maduro, al Gobernador del estado Zulia, Luis Caldera y al Alcalde H\u00e9ctor Soto, tendremos nuevamente un lugar seguro donde vivir\u00bb, finaliz\u00f3 Bravo.<br><strong><em>ET \/ Prensa Alcald\u00eda de San Francisco<\/em><\/strong><\/p>\n","protected":false},"excerpt":{"rendered":"<p>ENTRE TORMENTAS. Siguiendo con las atenciones a las familias afectadas por la explosi\u00f3n en la&#8230;<\/p>\n","protected":false},"author":2,"featured_media":22280,"comment_status":"closed","ping_status":"open","sticky":false,"template":"","format":"standard","meta":{"footnotes":""},"categories":[57,1],"tags":[],"class_list":["post-22277","post","type-post","status-publish","format-standard","has-post-thumbnail","hentry","category-actualidad","category-regionales"],"_links":{"self":[{"href":"https:\/\/entretormentas.com\/index.php?rest_route=\/wp\/v2\/posts\/22277","targetHints":{"allow":["GET"]}}],"collection":[{"href":"https:\/\/entretormentas.com\/index.php?rest_route=\/wp\/v2\/posts"}],"about":[{"href":"https:\/\/entretormentas.com\/index.php?rest_route=\/wp\/v2\/types\/post"}],"author":[{"embeddable":true,"href":"https:\/\/entretormentas.com\/index.php?rest_route=\/wp\/v2\/users\/2"}],"replies":[{"embeddable":true,"href":"https:\/\/entretormentas.com\/index.php?rest_route=%2Fwp%2Fv2%2Fcomments&post=22277"}],"version-history":[{"count":1,"href":"https:\/\/entretormentas.com\/index.php?rest_route=\/wp\/v2\/posts\/22277\/revisions"}],"predecessor-version":[{"id":22281,"href":"https:\/\/entretormentas.com\/index.php?rest_route=\/wp\/v2\/posts\/22277\/revisions\/22281"}],"wp:featuredmedia":[{"embeddable":true,"href":"https:\/\/entretormentas.com\/index.php?rest_route=\/wp\/v2\/media\/22280"}],"wp:attachment":[{"href":"https:\/\/entretormentas.com\/index.php?rest_route=%2Fwp%2Fv2%2Fmedia&parent=22277"}],"wp:term":[{"taxonomy":"category","embeddable":true,"href":"https:\/\/entretormentas.com\/index.php?rest_route=%2Fwp%2Fv2%2Fcategories&post=22277"},{"taxonomy":"post_tag","embeddable":true,"href":"https:\/\/entretormentas.com\/index.php?rest_route=%2Fwp%2Fv2%2Ftags&post=22277"}],"curies":[{"name":"wp","href":"https:\/\/api.w.org\/{rel}","templated":true}]}}