{"id":22282,"date":"2025-09-23T04:21:05","date_gmt":"2025-09-23T08:21:05","guid":{"rendered":"https:\/\/entretormentas.com\/?p=22282"},"modified":"2025-09-23T04:21:06","modified_gmt":"2025-09-23T08:21:06","slug":"en-la-e-b-n-san-francisco-gobernacion-del-zulia-y-frente-preventivo-dan-la-bienvenida-al-nuevo-periodo-escolar","status":"publish","type":"post","link":"https:\/\/entretormentas.com\/en-la-e-b-n-san-francisco-gobernacion-del-zulia-y-frente-preventivo-dan-la-bienvenida-al-nuevo-periodo-escolar\/","title":{"rendered":"\u00a1EN LA E.B.N. SAN FRANCISCO! Gobernaci\u00f3n del Zulia y Frente Preventivo dan la bienvenida al nuevo periodo escolar"},"content":{"rendered":"\n<p><strong>ENTRE TORMENTAS.<\/strong> La Secretar\u00eda de Promoci\u00f3n y Prevenci\u00f3n Ciudadana de la Gobernaci\u00f3n del Zulia, en colaboraci\u00f3n con el Frente Preventivo Zulia, dio inicio al nuevo per\u00edodo escolar 2025-2026 con un abordaje preventivo en la Escuela B\u00e1sica Nacional San Francisco, ubicada en el municipio del mismo nombre.<\/p>\n\n\n\n<p>La actividad, impulsada por las pol\u00edticas del presidente Nicol\u00e1s Maduro y la gesti\u00f3n del gobernador Luis Caldera, se centr\u00f3 en ofrecer orientaciones y actividades para ni\u00f1os, ni\u00f1as, adolescentes, y al personal educativo, administrativo y obrero.<\/p>\n\n\n\n<figure class=\"wp-block-image size-full\"><img fetchpriority=\"high\" decoding=\"async\" width=\"960\" height=\"720\" src=\"https:\/\/entretormentas.com\/wp-content\/uploads\/2025\/09\/EBN2.jpeg\" alt=\"\" class=\"wp-image-22283\" srcset=\"https:\/\/entretormentas.com\/wp-content\/uploads\/2025\/09\/EBN2.jpeg 960w, https:\/\/entretormentas.com\/wp-content\/uploads\/2025\/09\/EBN2-300x225.jpeg 300w, https:\/\/entretormentas.com\/wp-content\/uploads\/2025\/09\/EBN2-768x576.jpeg 768w\" sizes=\"(max-width: 960px) 100vw, 960px\" \/><\/figure>\n\n\n\n<p>El abordaje en el municipio San Francisco cont\u00f3 con la participaci\u00f3n de varias instituciones clave del Frente Preventivo Zulia, como la SNA (Superintendencia Nacional Antidrogas), la URI (Unidad de Respuesta Inmediata ), la GNB y la DPD (Direcci\u00f3n de Prevenci\u00f3n del Delito).<\/p>\n\n\n\n<p>Estas entidades se encargaron de desarrollar una agenda que incluy\u00f3 un c\u00e1lido comienzo y cordial bienvenida al nuevo a\u00f1o escolar, as\u00ed como una serie de orientaciones preventivas vitales para el entorno educativo.<\/p>\n\n\n\n<p>Uno de los puntos m\u00e1s destacados fue la demostraci\u00f3n canina, una actividad que gener\u00f3 gran entusiasmo entre los asistentes y sirvi\u00f3 como un m\u00e9todo did\u00e1ctico para la prevenci\u00f3n.<\/p>\n\n\n\n<p>La iniciativa benefici\u00f3 a la comunidad educativa de la parroquia San Francisco, con una asistencia significativa de estudiantes y adultos que participaron activamente en las jornadas.<\/p>\n\n\n\n<figure class=\"wp-block-image size-large\"><img decoding=\"async\" width=\"1024\" height=\"768\" src=\"https:\/\/entretormentas.com\/wp-content\/uploads\/2025\/09\/EBN3-1024x768.jpeg\" alt=\"\" class=\"wp-image-22284\" srcset=\"https:\/\/entretormentas.com\/wp-content\/uploads\/2025\/09\/EBN3-1024x768.jpeg 1024w, https:\/\/entretormentas.com\/wp-content\/uploads\/2025\/09\/EBN3-300x225.jpeg 300w, https:\/\/entretormentas.com\/wp-content\/uploads\/2025\/09\/EBN3-768x576.jpeg 768w, https:\/\/entretormentas.com\/wp-content\/uploads\/2025\/09\/EBN3.jpeg 1280w\" sizes=\"(max-width: 1024px) 100vw, 1024px\" \/><\/figure>\n\n\n\n<p>La Secretar\u00eda de Promoci\u00f3n y Prevenci\u00f3n Ciudadana destac\u00f3 la importancia de estas acciones para fortalecer el tejido social y garantizar un ambiente escolar seguro y saludable. Este tipo de abordaje preventivo busca no solo educar, sino tambi\u00e9n conectar a las instituciones del Estado con la comunidad, generando confianza y promoviendo una cultura de seguridad desde la base.<\/p>\n\n\n\n<p>El secretario de Promoci\u00f3n y Prevenci\u00f3n Ciudadana del Zulia, Silvestre Villalobos, expres\u00f3: \u00abEstamos profundamente comprometidos con la visi\u00f3n de nuestro gobernador Luis Caldera y el presidente Nicol\u00e1s Maduro. El inicio de este a\u00f1o escolar es una oportunidad para reafirmar nuestro compromiso con el bienestar de la juventud zuliana. Estos abordajes nos permiten llegar directamente a las comunidades y trabajar de la mano con las familias y el personal docente para construir un futuro m\u00e1s seguro para todos\u00bb.<br><strong><em>ET \/ Nota de Prensa<\/em><\/strong><\/p>\n","protected":false},"excerpt":{"rendered":"<p>ENTRE TORMENTAS. La Secretar\u00eda de Promoci\u00f3n y Prevenci\u00f3n Ciudadana de la Gobernaci\u00f3n del Zulia, en&#8230;<\/p>\n","protected":false},"author":2,"featured_media":22285,"comment_status":"closed","ping_status":"open","sticky":false,"template":"","format":"standard","meta":{"footnotes":""},"categories":[57,1],"tags":[],"class_list":["post-22282","post","type-post","status-publish","format-standard","has-post-thumbnail","hentry","category-actualidad","category-regionales"],"_links":{"self":[{"href":"https:\/\/entretormentas.com\/index.php?rest_route=\/wp\/v2\/posts\/22282","targetHints":{"allow":["GET"]}}],"collection":[{"href":"https:\/\/entretormentas.com\/index.php?rest_route=\/wp\/v2\/posts"}],"about":[{"href":"https:\/\/entretormentas.com\/index.php?rest_route=\/wp\/v2\/types\/post"}],"author":[{"embeddable":true,"href":"https:\/\/entretormentas.com\/index.php?rest_route=\/wp\/v2\/users\/2"}],"replies":[{"embeddable":true,"href":"https:\/\/entretormentas.com\/index.php?rest_route=%2Fwp%2Fv2%2Fcomments&post=22282"}],"version-history":[{"count":1,"href":"https:\/\/entretormentas.com\/index.php?rest_route=\/wp\/v2\/posts\/22282\/revisions"}],"predecessor-version":[{"id":22286,"href":"https:\/\/entretormentas.com\/index.php?rest_route=\/wp\/v2\/posts\/22282\/revisions\/22286"}],"wp:featuredmedia":[{"embeddable":true,"href":"https:\/\/entretormentas.com\/index.php?rest_route=\/wp\/v2\/media\/22285"}],"wp:attachment":[{"href":"https:\/\/entretormentas.com\/index.php?rest_route=%2Fwp%2Fv2%2Fmedia&parent=22282"}],"wp:term":[{"taxonomy":"category","embeddable":true,"href":"https:\/\/entretormentas.com\/index.php?rest_route=%2Fwp%2Fv2%2Fcategories&post=22282"},{"taxonomy":"post_tag","embeddable":true,"href":"https:\/\/entretormentas.com\/index.php?rest_route=%2Fwp%2Fv2%2Ftags&post=22282"}],"curies":[{"name":"wp","href":"https:\/\/api.w.org\/{rel}","templated":true}]}}