{"id":22287,"date":"2025-09-23T04:26:21","date_gmt":"2025-09-23T08:26:21","guid":{"rendered":"https:\/\/entretormentas.com\/?p=22287"},"modified":"2025-09-23T04:26:22","modified_gmt":"2025-09-23T08:26:22","slug":"a-terrenos-de-la-portuaria-alcalde-soto-anuncia-reubicacion-de-familias-afectadas-tras-explosion","status":"publish","type":"post","link":"https:\/\/entretormentas.com\/a-terrenos-de-la-portuaria-alcalde-soto-anuncia-reubicacion-de-familias-afectadas-tras-explosion\/","title":{"rendered":"\u00a1A TERRENOS DE LA PORTUARIA! Alcalde Soto anuncia reubicaci\u00f3n de familias afectadas tras explosi\u00f3n"},"content":{"rendered":"\n<p><strong>ENTRE TORMENTAS. <\/strong>La gesti\u00f3n municipal del Alcalde H\u00e9ctor Soto, contin\u00faa trabajando en funci\u00f3n de dar respuestas inmediatas a todas las familias afectadas tras la explosi\u00f3n suscitada en d\u00edas pasados en la parroquia Marcial Hern\u00e1ndez, espec\u00edficamente en el barrio \u00abLucha y Batalla\u00bb, y sus adyacencias.<\/p>\n\n\n\n<p>El titular municipal, en compa\u00f1\u00eda del viceministro del Poder Popular para el H\u00e1bitat y Vivienda, G\/D Audi Delgado, en la tarde de este lunes, anunci\u00f3 el inicio del Plan de Atenci\u00f3n Integral General Rafael Urdaneta, el cual consta de 35 viviendas pareadas con el fin de reubicar a las primeras 70 familias que hoy permanecen sin hogar.<\/p>\n\n\n\n<figure class=\"wp-block-image size-large\"><img fetchpriority=\"high\" decoding=\"async\" width=\"1024\" height=\"576\" src=\"https:\/\/entretormentas.com\/wp-content\/uploads\/2025\/09\/CASASUR2-1024x576.jpeg\" alt=\"\" class=\"wp-image-22288\" srcset=\"https:\/\/entretormentas.com\/wp-content\/uploads\/2025\/09\/CASASUR2-1024x576.jpeg 1024w, https:\/\/entretormentas.com\/wp-content\/uploads\/2025\/09\/CASASUR2-300x169.jpeg 300w, https:\/\/entretormentas.com\/wp-content\/uploads\/2025\/09\/CASASUR2-768x432.jpeg 768w, https:\/\/entretormentas.com\/wp-content\/uploads\/2025\/09\/CASASUR2.jpeg 1280w\" sizes=\"(max-width: 1024px) 100vw, 1024px\" \/><\/figure>\n\n\n\n<p>El complejo habitacional estar\u00e1 ubicado en la Av. 15 de Sierra Maestra, de la parroquia Francisco Ochoa, en los terrenos de \u00abLa Portuaria\u00bb. \u00abAqu\u00ed estamos viendo el esfuerzo sobrehumano de nuestro Presidente Nicol\u00e1s Maduro y todo su tren ministerial, estimamos que dentro de tres meses tengamos la inauguraci\u00f3n de esta hermosa obra, comenzamos hoy con todo el movimiento de tierras y pr\u00f3ximamente recibiremos los materiales necesarios\u00bb, apunt\u00f3.<\/p>\n\n\n\n<p>Aunado a esto, Soto inform\u00f3 que m\u00e1s adelante el Ministro Ra\u00fal Paredes, en una pr\u00f3xima visita al municipio San Francisco, anunciar\u00e1 otros avances en el tema y nuevos espacios destinados para la reubicaci\u00f3n de las familias afectadas, todo este despliegue en trabajos mancomunados con la Gobernaci\u00f3n del estado Zulia, representada por Luis Caldera.<\/p>\n\n\n\n<figure class=\"wp-block-image size-large\"><img decoding=\"async\" width=\"1024\" height=\"894\" src=\"https:\/\/entretormentas.com\/wp-content\/uploads\/2025\/09\/CASASUR3-1024x894.jpeg\" alt=\"\" class=\"wp-image-22289\" srcset=\"https:\/\/entretormentas.com\/wp-content\/uploads\/2025\/09\/CASASUR3-1024x894.jpeg 1024w, https:\/\/entretormentas.com\/wp-content\/uploads\/2025\/09\/CASASUR3-300x262.jpeg 300w, https:\/\/entretormentas.com\/wp-content\/uploads\/2025\/09\/CASASUR3-768x671.jpeg 768w, https:\/\/entretormentas.com\/wp-content\/uploads\/2025\/09\/CASASUR3.jpeg 1280w\" sizes=\"(max-width: 1024px) 100vw, 1024px\" \/><\/figure>\n\n\n\n<p>El viceministro Delgado, manifest\u00f3 que tienen en funcionamiento \u00abeste plan de atenci\u00f3n para estas familias del municipio San Francisco por parte de todo el Gobierno Nacional, Regional y Local, d\u00e1ndole respuesta a la gente, no nos hemos detenido en ning\u00fan momento y vamos a seguir avanzando, para que nuestro pueblo se sienta orgulloso de nuestro trabajo, el 15 de Diciembre junto con nuestro Presidente Maduro estaremos entregando estas viviendas al Pueblo Sanfranciscano\u00bb, culmin\u00f3 Delgado.<br><strong><em>ET \/ Prensa Alcald\u00eda de San Francisco<\/em><\/strong><\/p>\n","protected":false},"excerpt":{"rendered":"<p>ENTRE TORMENTAS. La gesti\u00f3n municipal del Alcalde H\u00e9ctor Soto, contin\u00faa trabajando en funci\u00f3n de dar&#8230;<\/p>\n","protected":false},"author":2,"featured_media":22290,"comment_status":"closed","ping_status":"open","sticky":false,"template":"","format":"standard","meta":{"footnotes":""},"categories":[57,1],"tags":[],"class_list":["post-22287","post","type-post","status-publish","format-standard","has-post-thumbnail","hentry","category-actualidad","category-regionales"],"_links":{"self":[{"href":"https:\/\/entretormentas.com\/index.php?rest_route=\/wp\/v2\/posts\/22287","targetHints":{"allow":["GET"]}}],"collection":[{"href":"https:\/\/entretormentas.com\/index.php?rest_route=\/wp\/v2\/posts"}],"about":[{"href":"https:\/\/entretormentas.com\/index.php?rest_route=\/wp\/v2\/types\/post"}],"author":[{"embeddable":true,"href":"https:\/\/entretormentas.com\/index.php?rest_route=\/wp\/v2\/users\/2"}],"replies":[{"embeddable":true,"href":"https:\/\/entretormentas.com\/index.php?rest_route=%2Fwp%2Fv2%2Fcomments&post=22287"}],"version-history":[{"count":1,"href":"https:\/\/entretormentas.com\/index.php?rest_route=\/wp\/v2\/posts\/22287\/revisions"}],"predecessor-version":[{"id":22291,"href":"https:\/\/entretormentas.com\/index.php?rest_route=\/wp\/v2\/posts\/22287\/revisions\/22291"}],"wp:featuredmedia":[{"embeddable":true,"href":"https:\/\/entretormentas.com\/index.php?rest_route=\/wp\/v2\/media\/22290"}],"wp:attachment":[{"href":"https:\/\/entretormentas.com\/index.php?rest_route=%2Fwp%2Fv2%2Fmedia&parent=22287"}],"wp:term":[{"taxonomy":"category","embeddable":true,"href":"https:\/\/entretormentas.com\/index.php?rest_route=%2Fwp%2Fv2%2Fcategories&post=22287"},{"taxonomy":"post_tag","embeddable":true,"href":"https:\/\/entretormentas.com\/index.php?rest_route=%2Fwp%2Fv2%2Ftags&post=22287"}],"curies":[{"name":"wp","href":"https:\/\/api.w.org\/{rel}","templated":true}]}}