{"id":22292,"date":"2025-09-23T04:28:41","date_gmt":"2025-09-23T08:28:41","guid":{"rendered":"https:\/\/entretormentas.com\/?p=22292"},"modified":"2025-09-23T04:28:42","modified_gmt":"2025-09-23T08:28:42","slug":"para-denunciar-agreaciones-de-eeuu-venezuela-se-reunira-con-asociacion-de-estados-del-caribe-y-celac","status":"publish","type":"post","link":"https:\/\/entretormentas.com\/para-denunciar-agreaciones-de-eeuu-venezuela-se-reunira-con-asociacion-de-estados-del-caribe-y-celac\/","title":{"rendered":"\u00a1PARA DENUNCIAR AGREACIONES DE EEUU! Venezuela se reunir\u00e1 con Asociaci\u00f3n de Estados del Caribe y CELAC"},"content":{"rendered":"\n<p><strong>ENTRE TORMENTAS.<\/strong> En el marco de la 80.\u00aa sesi\u00f3n de la Organizaci\u00f3n de las Naciones Unidas, la delegaci\u00f3n de Venezuela se reunir\u00e1 en la sede del organismo con los pa\u00edses de la Asociaci\u00f3n de Estados del Caribe y la Comunidad de Estados Latinoamericanos y Caribe\u00f1os (CELAC) para denunciar la escalada de agresiones de Estados Unidos contra Venezuela.<\/p>\n\n\n\n<p>De acuerdo con el canciller de la Rep\u00fablica, Yv\u00e1n Gil, el encuentro tratar\u00e1 una amplia variedad de \u00e1mbitos, principalmente la flagrante violaci\u00f3n al derecho internacional por parte del actual gobierno estadounidense.<\/p>\n\n\n\n<p>Venezuela ha denunciado reiteradamente que el despliegue iniciado por Fuerzas Militares de Estados Unidos en el sur del Caribe, cerca de las costas venezolanas, a principios de este mes de septiembre, se trata de una amenaza a la integridad territorial del pa\u00eds, en tanto el presidente Nicol\u00e1s Maduro ha calificado estas maniobras como una \u00abexcusa para justificar una intervenci\u00f3n militar\u00bb; sostiene, adem\u00e1s, que las operaciones estadounidenses violan el derecho internacional.<\/p>\n\n\n\n<p>Este despliegue de fuerzas estadounidenses ha incluido m\u00e1s de ocho buques destructores, submarinos nucleares y ejercicios militares en Puerto Rico, calificado por expertos como una medida desproporcionada de tratarse de la lucha antinarc\u00f3tica.<br><strong><em>ET \/ Globovisi\u00f3n<\/em><\/strong><\/p>\n","protected":false},"excerpt":{"rendered":"<p>ENTRE TORMENTAS. En el marco de la 80.\u00aa sesi\u00f3n de la Organizaci\u00f3n de las Naciones&#8230;<\/p>\n","protected":false},"author":2,"featured_media":22293,"comment_status":"closed","ping_status":"open","sticky":false,"template":"","format":"standard","meta":{"footnotes":""},"categories":[56,49],"tags":[],"class_list":["post-22292","post","type-post","status-publish","format-standard","has-post-thumbnail","hentry","category-destacadas","category-nacionales"],"_links":{"self":[{"href":"https:\/\/entretormentas.com\/index.php?rest_route=\/wp\/v2\/posts\/22292","targetHints":{"allow":["GET"]}}],"collection":[{"href":"https:\/\/entretormentas.com\/index.php?rest_route=\/wp\/v2\/posts"}],"about":[{"href":"https:\/\/entretormentas.com\/index.php?rest_route=\/wp\/v2\/types\/post"}],"author":[{"embeddable":true,"href":"https:\/\/entretormentas.com\/index.php?rest_route=\/wp\/v2\/users\/2"}],"replies":[{"embeddable":true,"href":"https:\/\/entretormentas.com\/index.php?rest_route=%2Fwp%2Fv2%2Fcomments&post=22292"}],"version-history":[{"count":1,"href":"https:\/\/entretormentas.com\/index.php?rest_route=\/wp\/v2\/posts\/22292\/revisions"}],"predecessor-version":[{"id":22294,"href":"https:\/\/entretormentas.com\/index.php?rest_route=\/wp\/v2\/posts\/22292\/revisions\/22294"}],"wp:featuredmedia":[{"embeddable":true,"href":"https:\/\/entretormentas.com\/index.php?rest_route=\/wp\/v2\/media\/22293"}],"wp:attachment":[{"href":"https:\/\/entretormentas.com\/index.php?rest_route=%2Fwp%2Fv2%2Fmedia&parent=22292"}],"wp:term":[{"taxonomy":"category","embeddable":true,"href":"https:\/\/entretormentas.com\/index.php?rest_route=%2Fwp%2Fv2%2Fcategories&post=22292"},{"taxonomy":"post_tag","embeddable":true,"href":"https:\/\/entretormentas.com\/index.php?rest_route=%2Fwp%2Fv2%2Ftags&post=22292"}],"curies":[{"name":"wp","href":"https:\/\/api.w.org\/{rel}","templated":true}]}}