{"id":22295,"date":"2025-09-23T04:31:12","date_gmt":"2025-09-23T08:31:12","guid":{"rendered":"https:\/\/entretormentas.com\/?p=22295"},"modified":"2025-09-23T04:31:13","modified_gmt":"2025-09-23T08:31:13","slug":"respuesta-gobierno-venezolano-tilda-de-parodia-el-informe-de-la-onu-sobre-la-represion-en-el-pais","status":"publish","type":"post","link":"https:\/\/entretormentas.com\/respuesta-gobierno-venezolano-tilda-de-parodia-el-informe-de-la-onu-sobre-la-represion-en-el-pais\/","title":{"rendered":"\u00a1RESPUESTA! Gobierno venezolano tilda de \u00abparodia\u00bb el informe de la ONU sobre la represi\u00f3n en el pa\u00eds"},"content":{"rendered":"\n<p><strong>ENTRE TORMENTAS. <\/strong>El gobierno de Nicol\u00e1s Maduro rechaz\u00f3 este lunes el nuevo informe de la Misi\u00f3n Internacional de Determinaci\u00f3n de los Hechos de la ONU, que documenta graves violaciones de derechos humanos y represi\u00f3n pol\u00edtica en Venezuela tras las elecciones presidenciales del 28 de julio del a\u00f1o pasado.<\/p>\n\n\n\n<p>La delegaci\u00f3n venezolana en el Consejo de Derechos Humanos descalific\u00f3 el documento y lo consider\u00f3 una \u201cparodia\u201d.<\/p>\n\n\n\n<p>El diplom\u00e1tico aleg\u00f3 que la Misi\u00f3n se cre\u00f3 bajo intereses pol\u00edticos y no para defender los derechos humanos.<\/p>\n\n\n\n<p>\u201cNo solo el contexto deslegitima la existencia de una misi\u00f3n nula e impr\u00e1ctica, sino que su novelero desempe\u00f1o la desacredita por s\u00ed misma. Cita fuentes dudosas, utiliza testimonios inventados o no verificados, emplea estad\u00edsticas sin rigor metodol\u00f3gico, tiene probada motivaci\u00f3n pol\u00edtica y no ha pisado y jam\u00e1s pisar\u00e1 territorio venezolano\u201d, afirm\u00f3.<\/p>\n\n\n\n<p>\u201cEn el a\u00f1o 2015 el gobierno de Barack Obama design\u00f3 a Venezuela como amenaza inusual y extraordinaria. En 2017 se crea el fracasado Grupo de Lima y en 2019 se quiso imponer un gobierno paralelo. Es en ese marco que se crea esta Misi\u00f3n. \u00bfQueda alguna duda de que no tiene nada que ver con los derechos humanos sino con el cambio de r\u00e9gimen en Venezuela?\u201d, a\u00f1adi\u00f3.<\/p>\n\n\n\n<p>Insisti\u00f3 en que en el pa\u00eds se respetan los derechos humanos \u201cconforme al mandato constitucional\u201d y asegur\u00f3 que no convalidar\u00e1 lo que describi\u00f3 como un intento de justificar una agresi\u00f3n contra Venezuela. \u201cNo nos vamos a prestar para validar semejante parodia\u201d, dijo el representante de Maduro.<br><strong><em>ET \/ El Nacional<\/em><\/strong><\/p>\n","protected":false},"excerpt":{"rendered":"<p>ENTRE TORMENTAS. El gobierno de Nicol\u00e1s Maduro rechaz\u00f3 este lunes el nuevo informe de la&#8230;<\/p>\n","protected":false},"author":2,"featured_media":22296,"comment_status":"closed","ping_status":"open","sticky":false,"template":"","format":"standard","meta":{"footnotes":""},"categories":[56,49],"tags":[],"class_list":["post-22295","post","type-post","status-publish","format-standard","has-post-thumbnail","hentry","category-destacadas","category-nacionales"],"_links":{"self":[{"href":"https:\/\/entretormentas.com\/index.php?rest_route=\/wp\/v2\/posts\/22295","targetHints":{"allow":["GET"]}}],"collection":[{"href":"https:\/\/entretormentas.com\/index.php?rest_route=\/wp\/v2\/posts"}],"about":[{"href":"https:\/\/entretormentas.com\/index.php?rest_route=\/wp\/v2\/types\/post"}],"author":[{"embeddable":true,"href":"https:\/\/entretormentas.com\/index.php?rest_route=\/wp\/v2\/users\/2"}],"replies":[{"embeddable":true,"href":"https:\/\/entretormentas.com\/index.php?rest_route=%2Fwp%2Fv2%2Fcomments&post=22295"}],"version-history":[{"count":1,"href":"https:\/\/entretormentas.com\/index.php?rest_route=\/wp\/v2\/posts\/22295\/revisions"}],"predecessor-version":[{"id":22297,"href":"https:\/\/entretormentas.com\/index.php?rest_route=\/wp\/v2\/posts\/22295\/revisions\/22297"}],"wp:featuredmedia":[{"embeddable":true,"href":"https:\/\/entretormentas.com\/index.php?rest_route=\/wp\/v2\/media\/22296"}],"wp:attachment":[{"href":"https:\/\/entretormentas.com\/index.php?rest_route=%2Fwp%2Fv2%2Fmedia&parent=22295"}],"wp:term":[{"taxonomy":"category","embeddable":true,"href":"https:\/\/entretormentas.com\/index.php?rest_route=%2Fwp%2Fv2%2Fcategories&post=22295"},{"taxonomy":"post_tag","embeddable":true,"href":"https:\/\/entretormentas.com\/index.php?rest_route=%2Fwp%2Fv2%2Ftags&post=22295"}],"curies":[{"name":"wp","href":"https:\/\/api.w.org\/{rel}","templated":true}]}}