{"id":22302,"date":"2025-09-23T04:42:09","date_gmt":"2025-09-23T08:42:09","guid":{"rendered":"https:\/\/entretormentas.com\/?p=22302"},"modified":"2025-09-23T04:42:10","modified_gmt":"2025-09-23T08:42:10","slug":"nuevo-informe-onu-confirma-profundizacion-de-represion-en-venezuela-tras-elecciones","status":"publish","type":"post","link":"https:\/\/entretormentas.com\/nuevo-informe-onu-confirma-profundizacion-de-represion-en-venezuela-tras-elecciones\/","title":{"rendered":"\u00a1NUEVO INFORME! ONU confirma \u00abprofundizaci\u00f3n de represi\u00f3n\u00bb en Venezuela tras elecciones"},"content":{"rendered":"\n<p><strong>ENTRE TORMENTAS.<\/strong> La Comisi\u00f3n de Determinaci\u00f3n de los Hechos de la ONU para Venezuela present\u00f3 este lunes en Ginebra un informe en el que alerta sobre un repunte de la represi\u00f3n pol\u00edtica tras las elecciones presidenciales del 28 de julio de 2024, confirmando que en el pa\u00eds persisten cr\u00edmenes de lesa humanidad.<\/p>\n\n\n\n<p>La presidenta de la Comisi\u00f3n, la jurista portuguesa Marta Vali\u00f1as, explic\u00f3 que las investigaciones realizadas a lo largo del \u00faltimo a\u00f1o documentan nuevas evidencias de persecuci\u00f3n por razones pol\u00edticas, dirigida especialmente contra activistas, defensores de derechos humanos y sectores opositores.<\/p>\n\n\n\n<p>\u00abNo existe autoridad nacional que haya demostrado ser capaz de prevenir, perseguir y sancionar las graves violaciones de derechos humanos\u00bb, advirti\u00f3 Vali\u00f1as, destacando que la \u00fanica esperanza de justicia para las v\u00edctimas recae en la comunidad internacional.<\/p>\n\n\n\n<p>El informe detalla que de las 25 muertes relacionadas con la represi\u00f3n postelectoral, 14 fueron documentadas con pruebas suficientes, y en al menos 12 estuvieron involucradas fuerzas de seguridad del Estado.<\/p>\n\n\n\n<figure class=\"wp-block-image size-full\"><img fetchpriority=\"high\" decoding=\"async\" width=\"677\" height=\"373\" src=\"https:\/\/entretormentas.com\/wp-content\/uploads\/2025\/09\/onuinforme2.jpeg\" alt=\"\" class=\"wp-image-22303\" srcset=\"https:\/\/entretormentas.com\/wp-content\/uploads\/2025\/09\/onuinforme2.jpeg 677w, https:\/\/entretormentas.com\/wp-content\/uploads\/2025\/09\/onuinforme2-300x165.jpeg 300w\" sizes=\"(max-width: 677px) 100vw, 677px\" \/><\/figure>\n\n\n\n<p>Un caso emblem\u00e1tico ocurri\u00f3 en Maracay, estado Aragua, donde miembros de la Guardia Nacional Bolivariana y de la 99\u00aa Brigada del Ej\u00e9rcito abrieron fuego contra manifestantes. Seis personas murieron, una de ellas por un disparo de escopeta a menos de 10 metros de distancia.<\/p>\n\n\n\n<p>A pesar de la gravedad de los hechos, la Fiscal\u00eda venezolana no ha informado avances en las investigaciones, limit\u00e1ndose a descartar responsabilidades de los cuerpos de seguridad y a acusar a la oposici\u00f3n.<\/p>\n\n\n\n<p>La Comisi\u00f3n de la ONU record\u00f3 que desde a\u00f1os anteriores viene advirtiendo sobre la responsabilidad directa de la c\u00fapula gubernamental en cr\u00edmenes internacionales. Con este nuevo informe, se refuerza la necesidad de mecanismos internacionales para garantizar verdad, justicia y reparaci\u00f3n a las v\u00edctimas.<\/p>\n\n\n\n<p>En conclusi\u00f3n, la ONU reitera que la represi\u00f3n en Venezuela no solo persiste, sino que se intensific\u00f3 tras las \u00faltimas elecciones, dejando un saldo de muertes y un contexto de persecuci\u00f3n que permanece en la impunidad.<br><strong><em>ET \/ Agencias<\/em><\/strong><\/p>\n\n\n\n<p><\/p>\n","protected":false},"excerpt":{"rendered":"<p>ENTRE TORMENTAS. La Comisi\u00f3n de Determinaci\u00f3n de los Hechos de la ONU para Venezuela present\u00f3&#8230;<\/p>\n","protected":false},"author":2,"featured_media":22304,"comment_status":"closed","ping_status":"open","sticky":false,"template":"","format":"standard","meta":{"footnotes":""},"categories":[56,48],"tags":[],"class_list":["post-22302","post","type-post","status-publish","format-standard","has-post-thumbnail","hentry","category-destacadas","category-internacionales"],"_links":{"self":[{"href":"https:\/\/entretormentas.com\/index.php?rest_route=\/wp\/v2\/posts\/22302","targetHints":{"allow":["GET"]}}],"collection":[{"href":"https:\/\/entretormentas.com\/index.php?rest_route=\/wp\/v2\/posts"}],"about":[{"href":"https:\/\/entretormentas.com\/index.php?rest_route=\/wp\/v2\/types\/post"}],"author":[{"embeddable":true,"href":"https:\/\/entretormentas.com\/index.php?rest_route=\/wp\/v2\/users\/2"}],"replies":[{"embeddable":true,"href":"https:\/\/entretormentas.com\/index.php?rest_route=%2Fwp%2Fv2%2Fcomments&post=22302"}],"version-history":[{"count":1,"href":"https:\/\/entretormentas.com\/index.php?rest_route=\/wp\/v2\/posts\/22302\/revisions"}],"predecessor-version":[{"id":22305,"href":"https:\/\/entretormentas.com\/index.php?rest_route=\/wp\/v2\/posts\/22302\/revisions\/22305"}],"wp:featuredmedia":[{"embeddable":true,"href":"https:\/\/entretormentas.com\/index.php?rest_route=\/wp\/v2\/media\/22304"}],"wp:attachment":[{"href":"https:\/\/entretormentas.com\/index.php?rest_route=%2Fwp%2Fv2%2Fmedia&parent=22302"}],"wp:term":[{"taxonomy":"category","embeddable":true,"href":"https:\/\/entretormentas.com\/index.php?rest_route=%2Fwp%2Fv2%2Fcategories&post=22302"},{"taxonomy":"post_tag","embeddable":true,"href":"https:\/\/entretormentas.com\/index.php?rest_route=%2Fwp%2Fv2%2Ftags&post=22302"}],"curies":[{"name":"wp","href":"https:\/\/api.w.org\/{rel}","templated":true}]}}