{"id":22306,"date":"2025-09-23T04:44:21","date_gmt":"2025-09-23T08:44:21","guid":{"rendered":"https:\/\/entretormentas.com\/?p=22306"},"modified":"2025-09-23T04:44:23","modified_gmt":"2025-09-23T08:44:23","slug":"nueva-era-dembele-supera-a-lamine-yamal-y-es-el-nuevo-balon-de-oro","status":"publish","type":"post","link":"https:\/\/entretormentas.com\/nueva-era-dembele-supera-a-lamine-yamal-y-es-el-nuevo-balon-de-oro\/","title":{"rendered":"\u00a1NUEVA ERA! Dembel\u00e9 supera a Lamine Yamal y es el nuevo Bal\u00f3n de Oro"},"content":{"rendered":"\n<p><strong>ENTRE TORMENTAS.<\/strong> El franc\u00e9s Ousmane Dembel\u00e9, delantero del Par\u00eds Saint Germain, fue galardonado este lunes con el Bal\u00f3n de Oro 2025 que concede la publicaci\u00f3n gala France Football y la UEFA en un acto celebrado en el teatro Chatelet de Par\u00eds, al superar en la elecci\u00f3n a Lamine Yamal y Vitinha.<\/p>\n\n\n\n<p>Dembel\u00e9 precedi\u00f3 en la clasificaci\u00f3n del premio al internacional espa\u00f1ol Lamine Yamal, delantero del Barcelona, y a su compa\u00f1ero de equipo Vitinha. Completaron el \u2018top 5\u2019 egipcio Mohamed Salah (Liverpool) y el tambi\u00e9n azulgrana Raphinha.<\/p>\n\n\n\n<p>El galo, de 28 a\u00f1os, brill\u00f3 con luz propia y fue determinante en la gran temporada pasada cuajada por el Par\u00eds Saint Germain, al contribuir decisivamente a ganar la Ligue 1, la Copa francesa, la Liga de Campeones y la Supercopa de Europa.<\/p>\n\n\n\n<p>El futbolista de Vernon, exjugador del Barcelona, releva en el palmar\u00e9s del galard\u00f3n al espa\u00f1ol Rodri Hern\u00e1ndez, centrocampista del Manchester City, y es el primer franc\u00e9s que lo gana desde que recay\u00f3 en Karim Benzema, entonces delantero del Real Madrid y actualmente en el Al Ittihad saud\u00ed.<\/p>\n\n\n\n<p>El atacante del PSG es el sexto jugador de su pa\u00eds en ganar el Bal\u00f3n de Oro, tras Raymond Kopa (1958), Michel Platini (1983, 1984 y 1985), Jean-Pierre Papin (1991), Zinedine Zidane (1998) y Karim Benzema (2022).<br><strong><em>ET \/ EFE<\/em><\/strong><\/p>\n","protected":false},"excerpt":{"rendered":"<p>ENTRE TORMENTAS. El franc\u00e9s Ousmane Dembel\u00e9, delantero del Par\u00eds Saint Germain, fue galardonado este lunes&#8230;<\/p>\n","protected":false},"author":2,"featured_media":22307,"comment_status":"closed","ping_status":"open","sticky":false,"template":"","format":"standard","meta":{"footnotes":""},"categories":[53,56],"tags":[],"class_list":["post-22306","post","type-post","status-publish","format-standard","has-post-thumbnail","hentry","category-deportes","category-destacadas"],"_links":{"self":[{"href":"https:\/\/entretormentas.com\/index.php?rest_route=\/wp\/v2\/posts\/22306","targetHints":{"allow":["GET"]}}],"collection":[{"href":"https:\/\/entretormentas.com\/index.php?rest_route=\/wp\/v2\/posts"}],"about":[{"href":"https:\/\/entretormentas.com\/index.php?rest_route=\/wp\/v2\/types\/post"}],"author":[{"embeddable":true,"href":"https:\/\/entretormentas.com\/index.php?rest_route=\/wp\/v2\/users\/2"}],"replies":[{"embeddable":true,"href":"https:\/\/entretormentas.com\/index.php?rest_route=%2Fwp%2Fv2%2Fcomments&post=22306"}],"version-history":[{"count":1,"href":"https:\/\/entretormentas.com\/index.php?rest_route=\/wp\/v2\/posts\/22306\/revisions"}],"predecessor-version":[{"id":22308,"href":"https:\/\/entretormentas.com\/index.php?rest_route=\/wp\/v2\/posts\/22306\/revisions\/22308"}],"wp:featuredmedia":[{"embeddable":true,"href":"https:\/\/entretormentas.com\/index.php?rest_route=\/wp\/v2\/media\/22307"}],"wp:attachment":[{"href":"https:\/\/entretormentas.com\/index.php?rest_route=%2Fwp%2Fv2%2Fmedia&parent=22306"}],"wp:term":[{"taxonomy":"category","embeddable":true,"href":"https:\/\/entretormentas.com\/index.php?rest_route=%2Fwp%2Fv2%2Fcategories&post=22306"},{"taxonomy":"post_tag","embeddable":true,"href":"https:\/\/entretormentas.com\/index.php?rest_route=%2Fwp%2Fv2%2Ftags&post=22306"}],"curies":[{"name":"wp","href":"https:\/\/api.w.org\/{rel}","templated":true}]}}