{"id":22309,"date":"2025-09-24T04:08:00","date_gmt":"2025-09-24T08:08:00","guid":{"rendered":"https:\/\/entretormentas.com\/?p=22309"},"modified":"2025-09-24T04:08:02","modified_gmt":"2025-09-24T08:08:02","slug":"de-la-parroquia-cristo-de-aranza-alcaldia-de-maracaibo-entrega-21-lentes-correctivos-a-ninos-en-edad-escolar","status":"publish","type":"post","link":"https:\/\/entretormentas.com\/de-la-parroquia-cristo-de-aranza-alcaldia-de-maracaibo-entrega-21-lentes-correctivos-a-ninos-en-edad-escolar\/","title":{"rendered":"\u00a1DE LA PARROQUIA CRISTO DE ARANZA! Alcald\u00eda de Maracaibo entrega 21 lentes correctivos a ni\u00f1os en edad escolar"},"content":{"rendered":"\n<p><strong>ENTRE TORMENTAS.<\/strong> En un gesto que une salud, educaci\u00f3n y justicia social, la Alcald\u00eda de Maracaibo, bajo el liderazgo del Alcalde Giancarlo Di Martino, realiz\u00f3 este lunes la entrega gratuita de 21 lentes correctivos a ni\u00f1os y ni\u00f1as de la parroquia Cristo de Aranza. La actividad fue coordinada por la Direcci\u00f3n Municipal de Salud como parte de la ruta de atenci\u00f3n integral a la comunidad estudiantil municipal.<\/p>\n\n\n\n<p>La entrega se llev\u00f3 a cabo en la sede de la Direcci\u00f3n Municipal de Salud, donde los escolares beneficiados recibieron sus lentes formulados tras haber participado en una consulta oftalmol\u00f3gica especializada. Esta iniciativa busca garantizar el derecho a la salud visual y fortalecer el rendimiento acad\u00e9mico de los estudiantes en situaci\u00f3n de vulnerabilidad.<\/p>\n\n\n\n<p>\u201cEstamos muy contentos, porque materializamos una entrega de lentes gratuita para nuestros escolares de Cristo de Aranza, quienes asistieron a una jornada m\u00e9dica integral organizada por nuestro alcalde bolivariano, Giancarlo Di Martino. \u00c9l nos instruy\u00f3 a realizar una jornada bonita, dedicada a los ni\u00f1os, ni\u00f1as, y vamos a seguir replic\u00e1ndola en otras parroquias\u201d, expres\u00f3 la Dra. Mayreth Acosta, directora general de Salud.<\/p>\n\n\n\n<figure class=\"wp-block-image size-large\"><img fetchpriority=\"high\" decoding=\"async\" width=\"1024\" height=\"768\" src=\"https:\/\/entretormentas.com\/wp-content\/uploads\/2025\/09\/lenticos2-1024x768.jpeg\" alt=\"\" class=\"wp-image-22310\" srcset=\"https:\/\/entretormentas.com\/wp-content\/uploads\/2025\/09\/lenticos2-1024x768.jpeg 1024w, https:\/\/entretormentas.com\/wp-content\/uploads\/2025\/09\/lenticos2-300x225.jpeg 300w, https:\/\/entretormentas.com\/wp-content\/uploads\/2025\/09\/lenticos2-768x576.jpeg 768w, https:\/\/entretormentas.com\/wp-content\/uploads\/2025\/09\/lenticos2.jpeg 1280w\" sizes=\"(max-width: 1024px) 100vw, 1024px\" \/><\/figure>\n\n\n\n<p>Durante el acto se evidenci\u00f3 el impacto positivo de esta acci\u00f3n que no solo mejora la calidad de vida de los escolares, sino que tambi\u00e9n fortalece el v\u00ednculo entre la gesti\u00f3n municipal y las familias marabinas.<\/p>\n\n\n\n<p><strong>PADRES Y REPRESENTANTES AGRADECIDOS<\/strong><br>\u201cEstoy muy agradecida con el Alcalde y con Dios, porque mi hija, Amanda Mapari, fue atendida en esta jornada. Es una excelente respuesta para la ciudadan\u00eda\u201d, expres\u00f3 emocionada Yuleidy Dur\u00e1n, madre beneficiaria.<\/p>\n\n\n\n<p>La doctora Acosta explic\u00f3 que esta entrega forma parte de una campa\u00f1a sostenida que continuar\u00e1 en otras parroquias del municipio. \u201cA prop\u00f3sito del inicio del periodo escolar, vamos a seguir convocando a los ni\u00f1os que ameritan lentes correctivos. Les hacemos su f\u00f3rmula con un oftalm\u00f3logo, ellos mismos escogen su montura, y en una semana y media les entregamos sus lentes formulados\u201d, detall\u00f3.<\/p>\n\n\n\n<p>La meta propuesta de la Alcald\u00eda de Maracaibo es que ning\u00fan ni\u00f1o o ni\u00f1a se quede atr\u00e1s por dificultades de visi\u00f3n y estas entregas, que son producto de las jornadas semanales en las diferentes parroquias, continuar\u00e1n para seguir atendiendo integralmente a la poblaci\u00f3n infantil en edad escolar, reafirmando as\u00ed el compromiso con la salud preventiva y el bienestar estudiantil.<br><strong><em>ET \/ Prensa Alcald\u00eda de Maracaibo<\/em><\/strong><\/p>\n","protected":false},"excerpt":{"rendered":"<p>ENTRE TORMENTAS. En un gesto que une salud, educaci\u00f3n y justicia social, la Alcald\u00eda de&#8230;<\/p>\n","protected":false},"author":2,"featured_media":22311,"comment_status":"closed","ping_status":"open","sticky":false,"template":"","format":"standard","meta":{"footnotes":""},"categories":[57,1],"tags":[],"class_list":["post-22309","post","type-post","status-publish","format-standard","has-post-thumbnail","hentry","category-actualidad","category-regionales"],"_links":{"self":[{"href":"https:\/\/entretormentas.com\/index.php?rest_route=\/wp\/v2\/posts\/22309","targetHints":{"allow":["GET"]}}],"collection":[{"href":"https:\/\/entretormentas.com\/index.php?rest_route=\/wp\/v2\/posts"}],"about":[{"href":"https:\/\/entretormentas.com\/index.php?rest_route=\/wp\/v2\/types\/post"}],"author":[{"embeddable":true,"href":"https:\/\/entretormentas.com\/index.php?rest_route=\/wp\/v2\/users\/2"}],"replies":[{"embeddable":true,"href":"https:\/\/entretormentas.com\/index.php?rest_route=%2Fwp%2Fv2%2Fcomments&post=22309"}],"version-history":[{"count":1,"href":"https:\/\/entretormentas.com\/index.php?rest_route=\/wp\/v2\/posts\/22309\/revisions"}],"predecessor-version":[{"id":22312,"href":"https:\/\/entretormentas.com\/index.php?rest_route=\/wp\/v2\/posts\/22309\/revisions\/22312"}],"wp:featuredmedia":[{"embeddable":true,"href":"https:\/\/entretormentas.com\/index.php?rest_route=\/wp\/v2\/media\/22311"}],"wp:attachment":[{"href":"https:\/\/entretormentas.com\/index.php?rest_route=%2Fwp%2Fv2%2Fmedia&parent=22309"}],"wp:term":[{"taxonomy":"category","embeddable":true,"href":"https:\/\/entretormentas.com\/index.php?rest_route=%2Fwp%2Fv2%2Fcategories&post=22309"},{"taxonomy":"post_tag","embeddable":true,"href":"https:\/\/entretormentas.com\/index.php?rest_route=%2Fwp%2Fv2%2Ftags&post=22309"}],"curies":[{"name":"wp","href":"https:\/\/api.w.org\/{rel}","templated":true}]}}