{"id":22313,"date":"2025-09-24T04:17:05","date_gmt":"2025-09-24T08:17:05","guid":{"rendered":"https:\/\/entretormentas.com\/?p=22313"},"modified":"2025-09-24T04:17:06","modified_gmt":"2025-09-24T08:17:06","slug":"primer-mes-de-gestion-alcalde-hector-soto-muestra-cambios-en-vialidad-infraestructura-salud-educacion-y-deporte","status":"publish","type":"post","link":"https:\/\/entretormentas.com\/primer-mes-de-gestion-alcalde-hector-soto-muestra-cambios-en-vialidad-infraestructura-salud-educacion-y-deporte\/","title":{"rendered":"\u00a1PRIMER MES DE GESTI\u00d3N! Alcalde H\u00e9ctor Soto muestra cambios en vialidad infraestructura, salud, educaci\u00f3n y deporte"},"content":{"rendered":"\n<p><strong>ENTRE TORMENTAS. <\/strong>El Alcalde de San\u202fFrancisco, H\u00e9ctor\u202fSoto, arrib\u00f3 al primer mes de los 100 d\u00edas de gesti\u00f3n, en trabajo mancomunado con el Poder Popular, representando un cambio notorio en materia de vialidad, desarrollo social, infraestructura, salud, educaci\u00f3n y deporte.<\/p>\n\n\n\n<p>En una rueda de prensa, acompa\u00f1ado por su gabinete municipal, los medios de comunicaci\u00f3n y el Poder Popular, el l\u00edder sure\u00f1o present\u00f3 su memoria y cuenta destacando los avances significativos. Expres\u00f3: \u201cYa pasaron 30 d\u00edas desde que asum\u00ed la responsabilidad hist\u00f3rica de nuestro municipio; es nuestro deber con mucha responsabilidad informarlos sobre c\u00f3mo ha sido el desarrollo en cuanto a servicios p\u00fablicos y otras \u00e1reas, estamos comprometidos con el desarrollo de nuestra ciudad\u201d.<\/p>\n\n\n\n<figure class=\"wp-block-image size-large\"><img fetchpriority=\"high\" decoding=\"async\" width=\"1024\" height=\"682\" src=\"https:\/\/entretormentas.com\/wp-content\/uploads\/2025\/09\/meshector2-1024x682.jpeg\" alt=\"\" class=\"wp-image-22314\" srcset=\"https:\/\/entretormentas.com\/wp-content\/uploads\/2025\/09\/meshector2-1024x682.jpeg 1024w, https:\/\/entretormentas.com\/wp-content\/uploads\/2025\/09\/meshector2-300x200.jpeg 300w, https:\/\/entretormentas.com\/wp-content\/uploads\/2025\/09\/meshector2-768x512.jpeg 768w, https:\/\/entretormentas.com\/wp-content\/uploads\/2025\/09\/meshector2.jpeg 1280w\" sizes=\"(max-width: 1024px) 100vw, 1024px\" \/><\/figure>\n\n\n\n<p>Inform\u00f3 que en materia de salud, gracias al trabajo del Presidente Nicol\u00e1s\u202fMaduro Moros y al Gobernador del estado Zulia, Luis\u202fCaldera, el municipio contar\u00e1 con el Banco de Drogas del Sur (Bansur), que atender\u00e1 a un aproximado de 50 mil personas mensuales a trav\u00e9s del censo 1\u00d710 en las comunidades. Esto forma parte del Plan Cayapa para la Salud, donde tambi\u00e9n est\u00e1 enmarcada la rehabilitaci\u00f3n del Centro Oncol\u00f3gico Genesis Petit y la activaci\u00f3n de los programas \u201cQu\u00e9 bien te ves, San\u202fFrancisco\u201d y \u201cCoraz\u00f3n Zuliano\u201d, enfocado en pacientes con cateterismo; sin mencionar las ayudas sociales entregadas por el ayuntamiento sure\u00f1o.<\/p>\n\n\n\n<p>De igual manera, se integra el megaproyecto \u201cPlan Cayapa para los Servicios P\u00fablicos\u201d, que ha permitido la rehabilitaci\u00f3n de las principales avenidas de la ciudad y la activaci\u00f3n de pozos de agua dulce en las parroquias Marcial Hern\u00e1ndez y Jos\u00e9 Domingo; adem\u00e1s se est\u00e1 llevando a cabo un plan para recuperar aproximadamente dos mil 500 metros de colectores de aguas servidas para mejorar el saneamiento en la ciudad.<\/p>\n\n\n\n<p>Soto destac\u00f3 su compromiso y el arduo trabajo de su equipo por mejorar la infraestructura del municipio: \u201cNosotros asumimos el reto con mucho compromiso; no es que llegamos a salvar el mundo, simplemente administramos de manera consciente los recursos para atender a nuestra gente. Tenemos el coraz\u00f3n y las ganas para trabajar por nuestra hermosa ciudad\u201d.<\/p>\n\n\n\n<p>Por otro lado, el tema de basura ha sido muy puntual en la gesti\u00f3n. Anunci\u00f3 que en los pr\u00f3ximos d\u00edas se espera la incorporaci\u00f3n de nuevas unidades para adecuar un sistema de recolecci\u00f3n cada 48 horas y reducir la acumulaci\u00f3n de desechos s\u00f3lidos. Igualmente, destac\u00f3 que se planea colocar un total de 20 mil toneladas de asfalto y construir alrededor de 160 viviendas para los afectados por el incendio de la f\u00e1brica de fuegos artificiales Gallo Verde.<\/p>\n\n\n\n<p>La educaci\u00f3n tambi\u00e9n fue un tema notorio en la actividad. Se\u00f1al\u00f3 los trabajos realizados junto a las Bricolimes en la recuperaci\u00f3n escolar y la implementaci\u00f3n de la educaci\u00f3n virtual en el sistema educativo municipal; adem\u00e1s se inform\u00f3 sobre la creaci\u00f3n de una biblioteca donde se combinar\u00e1n libros tradicionales con nuevas tecnolog\u00edas.<\/p>\n\n\n\n<p>Todo esto forma parte de la planificaci\u00f3n y organizaci\u00f3n gubernamental para una buena gobernanza y la implementaci\u00f3n de las 7 Transformaciones (7T) promovidas por el presidente Nicol\u00e1s\u202fMaduro, las cuales son destacadas por el alcalde H\u00e9ctor Soto como bandera del municipio.<\/p>\n\n\n\n<p>Soto destac\u00f3 su compromiso y el arduo trabajo de su equipo por mejorar la infraestructura del municipio: \u201cNosotros asumimos el reto con mucho compromiso; no es que llegamos a salvar el mundo, simplemente administramos de manera consciente los recursos para atender a nuestra gente. Tenemos el coraz\u00f3n y las ganas para trabajar por nuestra hermosa ciudad\u201d.<\/p>\n\n\n\n<figure class=\"wp-block-image size-large\"><img decoding=\"async\" width=\"1024\" height=\"682\" src=\"https:\/\/entretormentas.com\/wp-content\/uploads\/2025\/09\/meshector3-1024x682.jpeg\" alt=\"\" class=\"wp-image-22315\" srcset=\"https:\/\/entretormentas.com\/wp-content\/uploads\/2025\/09\/meshector3-1024x682.jpeg 1024w, https:\/\/entretormentas.com\/wp-content\/uploads\/2025\/09\/meshector3-300x200.jpeg 300w, https:\/\/entretormentas.com\/wp-content\/uploads\/2025\/09\/meshector3-768x512.jpeg 768w, https:\/\/entretormentas.com\/wp-content\/uploads\/2025\/09\/meshector3.jpeg 1280w\" sizes=\"(max-width: 1024px) 100vw, 1024px\" \/><\/figure>\n\n\n\n<p>Por otro lado, el tema de basura ha sido muy puntual en la gesti\u00f3n. Anunci\u00f3 que en los pr\u00f3ximos d\u00edas se espera la incorporaci\u00f3n de nuevas unidades para adecuar un sistema de recolecci\u00f3n cada 48 horas y reducir la acumulaci\u00f3n de desechos s\u00f3lidos. Igualmente, destac\u00f3 que se planea colocar un total de 20 mil toneladas de asfalto y construir alrededor de 160 viviendas para los afectados por el incendio de la f\u00e1brica de fuegos artificiales Gallo Verde.<\/p>\n\n\n\n<p>La educaci\u00f3n tambi\u00e9n fue un tema notorio en la actividad. Se\u00f1al\u00f3 los trabajos realizados junto a las Bricolimes en la recuperaci\u00f3n escolar y la implementaci\u00f3n de la educaci\u00f3n virtual en el sistema educativo municipal; adem\u00e1s se inform\u00f3 sobre la creaci\u00f3n de una biblioteca donde se combinar\u00e1n libros tradicionales con nuevas tecnolog\u00edas.<\/p>\n\n\n\n<p>Todo esto forma parte de la planificaci\u00f3n y organizaci\u00f3n gubernamental para una buena gobernanza y la implementaci\u00f3n de las 7 Transformaciones (7T) promovidas por el presidente Nicol\u00e1s\u202fMaduro, las cuales son destacadas por el alcalde H\u00e9ctor Soto como bandera del municipio.<\/p>\n\n\n\n<p><strong><em>ET \/ Prensa Alcald\u00eda de San Francisco<\/em><\/strong><\/p>\n\n\n\n<p><\/p>\n","protected":false},"excerpt":{"rendered":"<p>ENTRE TORMENTAS. El Alcalde de San\u202fFrancisco, H\u00e9ctor\u202fSoto, arrib\u00f3 al primer mes de los 100 d\u00edas&#8230;<\/p>\n","protected":false},"author":2,"featured_media":22316,"comment_status":"closed","ping_status":"open","sticky":false,"template":"","format":"standard","meta":{"footnotes":""},"categories":[57,1],"tags":[],"class_list":["post-22313","post","type-post","status-publish","format-standard","has-post-thumbnail","hentry","category-actualidad","category-regionales"],"_links":{"self":[{"href":"https:\/\/entretormentas.com\/index.php?rest_route=\/wp\/v2\/posts\/22313","targetHints":{"allow":["GET"]}}],"collection":[{"href":"https:\/\/entretormentas.com\/index.php?rest_route=\/wp\/v2\/posts"}],"about":[{"href":"https:\/\/entretormentas.com\/index.php?rest_route=\/wp\/v2\/types\/post"}],"author":[{"embeddable":true,"href":"https:\/\/entretormentas.com\/index.php?rest_route=\/wp\/v2\/users\/2"}],"replies":[{"embeddable":true,"href":"https:\/\/entretormentas.com\/index.php?rest_route=%2Fwp%2Fv2%2Fcomments&post=22313"}],"version-history":[{"count":1,"href":"https:\/\/entretormentas.com\/index.php?rest_route=\/wp\/v2\/posts\/22313\/revisions"}],"predecessor-version":[{"id":22317,"href":"https:\/\/entretormentas.com\/index.php?rest_route=\/wp\/v2\/posts\/22313\/revisions\/22317"}],"wp:featuredmedia":[{"embeddable":true,"href":"https:\/\/entretormentas.com\/index.php?rest_route=\/wp\/v2\/media\/22316"}],"wp:attachment":[{"href":"https:\/\/entretormentas.com\/index.php?rest_route=%2Fwp%2Fv2%2Fmedia&parent=22313"}],"wp:term":[{"taxonomy":"category","embeddable":true,"href":"https:\/\/entretormentas.com\/index.php?rest_route=%2Fwp%2Fv2%2Fcategories&post=22313"},{"taxonomy":"post_tag","embeddable":true,"href":"https:\/\/entretormentas.com\/index.php?rest_route=%2Fwp%2Fv2%2Ftags&post=22313"}],"curies":[{"name":"wp","href":"https:\/\/api.w.org\/{rel}","templated":true}]}}