{"id":22318,"date":"2025-09-24T04:21:18","date_gmt":"2025-09-24T08:21:18","guid":{"rendered":"https:\/\/entretormentas.com\/?p=22318"},"modified":"2025-09-24T04:21:19","modified_gmt":"2025-09-24T08:21:19","slug":"nueva-entrega-de-siete-gobernador-caldera-suma-35-ambulancias-dotadas-en-el-zulia-en-tres-meses-de-gestion","status":"publish","type":"post","link":"https:\/\/entretormentas.com\/nueva-entrega-de-siete-gobernador-caldera-suma-35-ambulancias-dotadas-en-el-zulia-en-tres-meses-de-gestion\/","title":{"rendered":"\u00a1NUEVA ENTREGA DE SIETE! Gobernador Caldera suma 35 ambulancias dotadas en el Zulia en tres meses de gesti\u00f3n"},"content":{"rendered":"\n<p><strong>ENTRE TORMENTAS. <\/strong>Con la visi\u00f3n de seguir fortaleciendo el Sistema P\u00fablico Nacional de Salud en la regi\u00f3n, este martes 23 de septiembre el gobernador del estado Zulia, Luis Caldera, hizo una nueva entrega de ambulancias para siete municipios, sumando as\u00ed 35 unidades dotadas en apenas tres meses de gesti\u00f3n en la Gobernaci\u00f3n.<\/p>\n\n\n\n<p>Frente al Palacio de Los C\u00f3ndores, los representantes de los gobiernos locales recibieron las unidades, tras ser bendecidas por el p\u00e1rroco de la Bas\u00edlica Nuestra Se\u00f1ora de la Chiquinquir\u00e1, presb\u00edtero Nedward Andrade.<\/p>\n\n\n\n<figure class=\"wp-block-image size-large\"><img fetchpriority=\"high\" decoding=\"async\" width=\"1024\" height=\"682\" src=\"https:\/\/entretormentas.com\/wp-content\/uploads\/2025\/09\/ambu2-1024x682.jpeg\" alt=\"\" class=\"wp-image-22319\" srcset=\"https:\/\/entretormentas.com\/wp-content\/uploads\/2025\/09\/ambu2-1024x682.jpeg 1024w, https:\/\/entretormentas.com\/wp-content\/uploads\/2025\/09\/ambu2-300x200.jpeg 300w, https:\/\/entretormentas.com\/wp-content\/uploads\/2025\/09\/ambu2-768x512.jpeg 768w, https:\/\/entretormentas.com\/wp-content\/uploads\/2025\/09\/ambu2.jpeg 1280w\" sizes=\"(max-width: 1024px) 100vw, 1024px\" \/><\/figure>\n\n\n\n<p>\u201cEste es un d\u00eda hist\u00f3rico, porque por primera vez el Zulia tiene 35 nuevas ambulancias en 90 d\u00edas de gesti\u00f3n. Gracias al presidente Nicol\u00e1s Maduro, quien est\u00e1 pendiente del Zulia y de todo lo que se est\u00e1 haciendo en Plan Cayapa de la Salud, del sistema de emergencias\u201d, manifest\u00f3 el mandatario zuliano.<\/p>\n\n\n\n<p>Con estas unidades se ve fortalecido el Sistema de Referencia y Contrarreferencia impulsado por el gobernador Caldera, con la participaci\u00f3n de los alcaldes bolivarianos y articulado con el VEN-911 y la Fundaci\u00f3n Servicio de Atenci\u00f3n del Zulia (Funzas), adscrita a la Secretar\u00eda de Seguridad y Orden P\u00fablico de la Gobernaci\u00f3n.<\/p>\n\n\n\n<p>El gobernador especific\u00f3 que las ambulancias entregadas van dirigidas al Hospital 1 Casigua-El Cubo, municipio Jes\u00fas Mar\u00eda Sempr\u00fam; al Hospital Binacional de Paraguaipoa Dr. Jos\u00e9 Leonardo Fern\u00e1ndez, municipio Guajira; al Hospital del municipio Sim\u00f3n Bol\u00edvar, al ambulatorio del Consejo de Ciruma, municipio Miranda; al Hospital 1 San Rafael, municipio Mara y al Hospital 3 Santa B\u00e1rbara del Zulia, en Col\u00f3n, a ello se le suma una para el Hospital de la Polic\u00eda Dr. R\u00e9gulo Pachano A\u00f1ez, conocido como Sanipez, ubicado en Maracaibo.<\/p>\n\n\n\n<figure class=\"wp-block-image size-full\"><img decoding=\"async\" width=\"1000\" height=\"667\" src=\"https:\/\/entretormentas.com\/wp-content\/uploads\/2025\/09\/ambu3.jpeg\" alt=\"\" class=\"wp-image-22320\" srcset=\"https:\/\/entretormentas.com\/wp-content\/uploads\/2025\/09\/ambu3.jpeg 1000w, https:\/\/entretormentas.com\/wp-content\/uploads\/2025\/09\/ambu3-300x200.jpeg 300w, https:\/\/entretormentas.com\/wp-content\/uploads\/2025\/09\/ambu3-768x512.jpeg 768w\" sizes=\"(max-width: 1000px) 100vw, 1000px\" \/><\/figure>\n\n\n\n<p>Destac\u00f3 que cada d\u00eda se consolida el Sistema P\u00fablico Nacional de Salud en hospitales, ambulatorios, Centros de Diagn\u00f3stico Integral (CDI), entre otros planteles sanitarios con planes como el oncol\u00f3gico, el de atenci\u00f3n a pacientes renales, el de las Unidades de Cuidados Intensivos (UCI).<\/p>\n\n\n\n<p>Acompa\u00f1aron al gobernador parte de su tren ejecutivo y los alcaldes Edgar Labarca de Mara; Mar\u00eda Elena Beltr\u00e1n del municipio Ind\u00edgena Guajira, Jessica Alc\u00e1ntara de Sim\u00f3n Bol\u00edvar; Luselia Garc\u00eda de Miranda, Mar\u00eda Mavares de Jes\u00fas Mar\u00eda Sempr\u00fam y representantes de otras localidades.<br><strong><em>ET \/ Nota de Prensa<\/em><\/strong><\/p>\n","protected":false},"excerpt":{"rendered":"<p>ENTRE TORMENTAS. Con la visi\u00f3n de seguir fortaleciendo el Sistema P\u00fablico Nacional de Salud en&#8230;<\/p>\n","protected":false},"author":2,"featured_media":22321,"comment_status":"closed","ping_status":"open","sticky":false,"template":"","format":"standard","meta":{"footnotes":""},"categories":[57,1],"tags":[],"class_list":["post-22318","post","type-post","status-publish","format-standard","has-post-thumbnail","hentry","category-actualidad","category-regionales"],"_links":{"self":[{"href":"https:\/\/entretormentas.com\/index.php?rest_route=\/wp\/v2\/posts\/22318","targetHints":{"allow":["GET"]}}],"collection":[{"href":"https:\/\/entretormentas.com\/index.php?rest_route=\/wp\/v2\/posts"}],"about":[{"href":"https:\/\/entretormentas.com\/index.php?rest_route=\/wp\/v2\/types\/post"}],"author":[{"embeddable":true,"href":"https:\/\/entretormentas.com\/index.php?rest_route=\/wp\/v2\/users\/2"}],"replies":[{"embeddable":true,"href":"https:\/\/entretormentas.com\/index.php?rest_route=%2Fwp%2Fv2%2Fcomments&post=22318"}],"version-history":[{"count":1,"href":"https:\/\/entretormentas.com\/index.php?rest_route=\/wp\/v2\/posts\/22318\/revisions"}],"predecessor-version":[{"id":22322,"href":"https:\/\/entretormentas.com\/index.php?rest_route=\/wp\/v2\/posts\/22318\/revisions\/22322"}],"wp:featuredmedia":[{"embeddable":true,"href":"https:\/\/entretormentas.com\/index.php?rest_route=\/wp\/v2\/media\/22321"}],"wp:attachment":[{"href":"https:\/\/entretormentas.com\/index.php?rest_route=%2Fwp%2Fv2%2Fmedia&parent=22318"}],"wp:term":[{"taxonomy":"category","embeddable":true,"href":"https:\/\/entretormentas.com\/index.php?rest_route=%2Fwp%2Fv2%2Fcategories&post=22318"},{"taxonomy":"post_tag","embeddable":true,"href":"https:\/\/entretormentas.com\/index.php?rest_route=%2Fwp%2Fv2%2Ftags&post=22318"}],"curies":[{"name":"wp","href":"https:\/\/api.w.org\/{rel}","templated":true}]}}