{"id":22323,"date":"2025-09-24T04:25:56","date_gmt":"2025-09-24T08:25:56","guid":{"rendered":"https:\/\/entretormentas.com\/?p=22323"},"modified":"2025-09-24T04:25:57","modified_gmt":"2025-09-24T08:25:57","slug":"reconocimientos-condecorados-gobernador-luis-caldera-y-alcalde-di-martino-con-la-cruz-del-bombero-nacional","status":"publish","type":"post","link":"https:\/\/entretormentas.com\/reconocimientos-condecorados-gobernador-luis-caldera-y-alcalde-di-martino-con-la-cruz-del-bombero-nacional\/","title":{"rendered":"\u00a1RECONOCIMIENTOS! Condecorados Gobernador Luis Caldera y alcalde Di Martino con la Cruz del Bombero Nacional"},"content":{"rendered":"\n<p><strong>ENTRE TORMENTAS.<\/strong> El gobernador del Zulia, Luis Caldera, y el alcalde de Maracaibo, Giancarlo Di Martino, fueron condecorados con la Cruz del Bombero Nacional en su \u00fanica clase, en reconocimiento al invaluable apoyo para el desarrollo y el fortalecimiento del Cuerpo Nacional de Bomberos.<\/p>\n\n\n\n<p>Estas distinciones fueron otorgadas en acto realizado en la Estaci\u00f3n Central del Tranv\u00eda, ubicada en el Parque Vereda del Lago, este mi\u00e9rcoles 23 de septiembre, en la cual los efectivos bomberiles recibieron equipos de protecci\u00f3n personal (EPP) contra incendios de \u00faltima tecnolog\u00eda, un aporte articulado por el presidente Nicol\u00e1s Maduro, el gobernador Luis Caldera y el alcalde de Maracaibo, Giancarlo Di Marino.<\/p>\n\n\n\n<figure class=\"wp-block-image size-large\"><img fetchpriority=\"high\" decoding=\"async\" width=\"1024\" height=\"682\" src=\"https:\/\/entretormentas.com\/wp-content\/uploads\/2025\/09\/condebom2-1024x682.jpeg\" alt=\"\" class=\"wp-image-22324\" srcset=\"https:\/\/entretormentas.com\/wp-content\/uploads\/2025\/09\/condebom2-1024x682.jpeg 1024w, https:\/\/entretormentas.com\/wp-content\/uploads\/2025\/09\/condebom2-300x200.jpeg 300w, https:\/\/entretormentas.com\/wp-content\/uploads\/2025\/09\/condebom2-768x512.jpeg 768w, https:\/\/entretormentas.com\/wp-content\/uploads\/2025\/09\/condebom2.jpeg 1280w\" sizes=\"(max-width: 1024px) 100vw, 1024px\" \/><\/figure>\n\n\n\n<p>El 1er Gral. Juan Carlos Gonz\u00e1lez, director general nacional de bomberos, resalt\u00f3 la exitosa intervenci\u00f3n del Cuerpo de Bomberos y de la Polic\u00eda Municipal en el suceso ocurrido en San Francisco, estado Zulia que debido a la oportuna intervenci\u00f3n de un equipo multidisciplinario no hubo v\u00edctimas fatales y agradeci\u00f3 la entrega de equipos de protecci\u00f3n que ser\u00e1n de gran utilidad para atender las emergencias que requiere el pueblo.<\/p>\n\n\n\n<p><strong>RECONOCIMIENTOS<\/strong><br>Hizo especial reconocimiento a las labores coordinadas por el gobernador del Zulia, Luis Caldera; el alcalde del Municipio San Francisco, H\u00e9ctor Soto; el alcalde del Municipio Maracaibo, Giancarlo Di Martino; el Gral (B) Engelberth Atencio, 1er comandante del Cuerpo de Bomberos de Maracaibo; al comandante (B) Jhon Bravo, al Comisario Jos\u00e9 Primera, coordinador de Seguridad Ciudadana y a todo el equipo multidisciplinario que laboran en acciones coordinadas para dar respuesta efectiva al pueblo.<\/p>\n\n\n\n<figure class=\"wp-block-image size-large\"><img decoding=\"async\" width=\"1024\" height=\"682\" src=\"https:\/\/entretormentas.com\/wp-content\/uploads\/2025\/09\/condebom3-1024x682.jpeg\" alt=\"\" class=\"wp-image-22325\" srcset=\"https:\/\/entretormentas.com\/wp-content\/uploads\/2025\/09\/condebom3-1024x682.jpeg 1024w, https:\/\/entretormentas.com\/wp-content\/uploads\/2025\/09\/condebom3-300x200.jpeg 300w, https:\/\/entretormentas.com\/wp-content\/uploads\/2025\/09\/condebom3-768x512.jpeg 768w, https:\/\/entretormentas.com\/wp-content\/uploads\/2025\/09\/condebom3.jpeg 1280w\" sizes=\"(max-width: 1024px) 100vw, 1024px\" \/><\/figure>\n\n\n\n<p>En el acto fueron otorgados reconocimientos a los oficiales de Polimaracaibo, adscritos a la Brigada Canina, por su eficiencia policial; esta distinci\u00f3n la recibieron: Comisario Alexander Petit, inspector Andr\u00e9s Ant\u00fanez, primer oficial Juan Batista, oficial Argenis Campos, oficial Luis D\u00edaz, y el inspector jefe Jean Dur\u00e1n.<br><strong><em>ET \/ Prensa Alcald\u00eda de Maracaibo<\/em><\/strong><\/p>\n","protected":false},"excerpt":{"rendered":"<p>ENTRE TORMENTAS. El gobernador del Zulia, Luis Caldera, y el alcalde de Maracaibo, Giancarlo Di&#8230;<\/p>\n","protected":false},"author":2,"featured_media":22326,"comment_status":"closed","ping_status":"open","sticky":false,"template":"","format":"standard","meta":{"footnotes":""},"categories":[57,1],"tags":[],"class_list":["post-22323","post","type-post","status-publish","format-standard","has-post-thumbnail","hentry","category-actualidad","category-regionales"],"_links":{"self":[{"href":"https:\/\/entretormentas.com\/index.php?rest_route=\/wp\/v2\/posts\/22323","targetHints":{"allow":["GET"]}}],"collection":[{"href":"https:\/\/entretormentas.com\/index.php?rest_route=\/wp\/v2\/posts"}],"about":[{"href":"https:\/\/entretormentas.com\/index.php?rest_route=\/wp\/v2\/types\/post"}],"author":[{"embeddable":true,"href":"https:\/\/entretormentas.com\/index.php?rest_route=\/wp\/v2\/users\/2"}],"replies":[{"embeddable":true,"href":"https:\/\/entretormentas.com\/index.php?rest_route=%2Fwp%2Fv2%2Fcomments&post=22323"}],"version-history":[{"count":1,"href":"https:\/\/entretormentas.com\/index.php?rest_route=\/wp\/v2\/posts\/22323\/revisions"}],"predecessor-version":[{"id":22327,"href":"https:\/\/entretormentas.com\/index.php?rest_route=\/wp\/v2\/posts\/22323\/revisions\/22327"}],"wp:featuredmedia":[{"embeddable":true,"href":"https:\/\/entretormentas.com\/index.php?rest_route=\/wp\/v2\/media\/22326"}],"wp:attachment":[{"href":"https:\/\/entretormentas.com\/index.php?rest_route=%2Fwp%2Fv2%2Fmedia&parent=22323"}],"wp:term":[{"taxonomy":"category","embeddable":true,"href":"https:\/\/entretormentas.com\/index.php?rest_route=%2Fwp%2Fv2%2Fcategories&post=22323"},{"taxonomy":"post_tag","embeddable":true,"href":"https:\/\/entretormentas.com\/index.php?rest_route=%2Fwp%2Fv2%2Ftags&post=22323"}],"curies":[{"name":"wp","href":"https:\/\/api.w.org\/{rel}","templated":true}]}}