{"id":22328,"date":"2025-09-24T04:30:29","date_gmt":"2025-09-24T08:30:29","guid":{"rendered":"https:\/\/entretormentas.com\/?p=22328"},"modified":"2025-09-24T04:30:30","modified_gmt":"2025-09-24T08:30:30","slug":"di-martino-bomberos-de-maracaibo-reciben-equipos-con-estandar-latinoamericano","status":"publish","type":"post","link":"https:\/\/entretormentas.com\/di-martino-bomberos-de-maracaibo-reciben-equipos-con-estandar-latinoamericano\/","title":{"rendered":"DI MARTINO: \u201cBomberos de Maracaibo reciben equipos con est\u00e1ndar latinoamericano\u201d"},"content":{"rendered":"\n<p><strong>ENTRE TORMENTAS.<\/strong> La ciudad de Maracaibo avanza en su preparaci\u00f3n ante contingencias clim\u00e1ticas y sucesos imprevistos con la dotaci\u00f3n de equipos de \u00faltima tecnolog\u00eda a sus cuerpos de seguridad y la consolidaci\u00f3n de un sistema integral de prevenci\u00f3n y mapas de riesgo antes de la temporada de lluvias.<\/p>\n\n\n\n<p>El alcalde Gian Carlos Di Martino, con el respaldo del presidente Nicol\u00e1s Maduro y del gobernador Luis Caldera, refiri\u00f3 que con el equipamiento al Cuerpo de Bomberos de Maracaibo, los consolida como uno de los cuerpos de seguridad de mayor est\u00e1ndar a nivel regional e internacional. \u201cEstos nuevos equipos que entregamos a nuestros bomberos los consolida entre los mejor dotados de Latinoam\u00e9rica\u201d, afirm\u00f3 el alcalde.<\/p>\n\n\n\n<figure class=\"wp-block-image size-large\"><img fetchpriority=\"high\" decoding=\"async\" width=\"1024\" height=\"682\" src=\"https:\/\/entretormentas.com\/wp-content\/uploads\/2025\/09\/dotados2-1024x682.jpeg\" alt=\"\" class=\"wp-image-22329\" srcset=\"https:\/\/entretormentas.com\/wp-content\/uploads\/2025\/09\/dotados2-1024x682.jpeg 1024w, https:\/\/entretormentas.com\/wp-content\/uploads\/2025\/09\/dotados2-300x200.jpeg 300w, https:\/\/entretormentas.com\/wp-content\/uploads\/2025\/09\/dotados2-768x512.jpeg 768w, https:\/\/entretormentas.com\/wp-content\/uploads\/2025\/09\/dotados2.jpeg 1280w\" sizes=\"(max-width: 1024px) 100vw, 1024px\" \/><\/figure>\n\n\n\n<p>La dotaci\u00f3n incluye 50 trajes completos de protecci\u00f3n personal de alta tecnolog\u00eda, junto a otros implementos indispensables para la atenci\u00f3n de emergencias. Seg\u00fan Di Martino, se trata de una inversi\u00f3n merecida para un cuerpo que calific\u00f3 como \u201cnoble y comprometido con la ciudad\u201d.<\/p>\n\n\n\n<p>Con los nuevos equipos se refuerza la capacidad operativa en \u00e1reas como extinci\u00f3n de incendios, rescates en accidentes y siniestros, manejo de materiales peligrosos y atenci\u00f3n en situaciones de emergencia.<\/p>\n\n\n\n<p><strong>PREVENCI\u00d3N Y MAPA DE RIESGOS<\/strong><br>Adem\u00e1s del fortalecimiento de los bomberos, las autoridades municipales, regionales y nacionales trabajan en la consolidaci\u00f3n de los mapas de riesgo de fte han causado incidentes, as\u00ed como acciones de saneamiento y sustituci\u00f3n de colectores, necesarios para mejorar el sistema de aguas servidas y avanzar en obras de asfaltado y vialidad.<\/p>\n\n\n\n<figure class=\"wp-block-image size-large\"><img decoding=\"async\" width=\"1024\" height=\"682\" src=\"https:\/\/entretormentas.com\/wp-content\/uploads\/2025\/09\/dotados3-1024x682.jpeg\" alt=\"\" class=\"wp-image-22330\" srcset=\"https:\/\/entretormentas.com\/wp-content\/uploads\/2025\/09\/dotados3-1024x682.jpeg 1024w, https:\/\/entretormentas.com\/wp-content\/uploads\/2025\/09\/dotados3-300x200.jpeg 300w, https:\/\/entretormentas.com\/wp-content\/uploads\/2025\/09\/dotados3-768x512.jpeg 768w, https:\/\/entretormentas.com\/wp-content\/uploads\/2025\/09\/dotados3.jpeg 1280w\" sizes=\"(max-width: 1024px) 100vw, 1024px\" \/><\/figure>\n\n\n\n<p>El gobernador Luis Caldera destac\u00f3 el esfuerzo del alcalde referido al plan de prevenci\u00f3n de riesgos para octubre, noviembre y diciembre, meses de mayor intensidad de lluvias. Quiero reconocer ese trabajo en seguridad y protecci\u00f3n civil\u201d, expres\u00f3.<\/p>\n\n\n\n<p>En los pr\u00f3ximos d\u00edas se prev\u00e9 una reuni\u00f3n con Protecci\u00f3n Civil del estado Zulia para avanzar en la consolidaci\u00f3n de los mapas de riesgo y fortalecer la respuesta ante emergencias.<br><strong><em>ET \/ Prensa Alcald\u00eda de Maracaibo<\/em><\/strong><\/p>\n","protected":false},"excerpt":{"rendered":"<p>ENTRE TORMENTAS. La ciudad de Maracaibo avanza en su preparaci\u00f3n ante contingencias clim\u00e1ticas y sucesos&#8230;<\/p>\n","protected":false},"author":2,"featured_media":22331,"comment_status":"closed","ping_status":"open","sticky":false,"template":"","format":"standard","meta":{"footnotes":""},"categories":[57,1],"tags":[],"class_list":["post-22328","post","type-post","status-publish","format-standard","has-post-thumbnail","hentry","category-actualidad","category-regionales"],"_links":{"self":[{"href":"https:\/\/entretormentas.com\/index.php?rest_route=\/wp\/v2\/posts\/22328","targetHints":{"allow":["GET"]}}],"collection":[{"href":"https:\/\/entretormentas.com\/index.php?rest_route=\/wp\/v2\/posts"}],"about":[{"href":"https:\/\/entretormentas.com\/index.php?rest_route=\/wp\/v2\/types\/post"}],"author":[{"embeddable":true,"href":"https:\/\/entretormentas.com\/index.php?rest_route=\/wp\/v2\/users\/2"}],"replies":[{"embeddable":true,"href":"https:\/\/entretormentas.com\/index.php?rest_route=%2Fwp%2Fv2%2Fcomments&post=22328"}],"version-history":[{"count":1,"href":"https:\/\/entretormentas.com\/index.php?rest_route=\/wp\/v2\/posts\/22328\/revisions"}],"predecessor-version":[{"id":22332,"href":"https:\/\/entretormentas.com\/index.php?rest_route=\/wp\/v2\/posts\/22328\/revisions\/22332"}],"wp:featuredmedia":[{"embeddable":true,"href":"https:\/\/entretormentas.com\/index.php?rest_route=\/wp\/v2\/media\/22331"}],"wp:attachment":[{"href":"https:\/\/entretormentas.com\/index.php?rest_route=%2Fwp%2Fv2%2Fmedia&parent=22328"}],"wp:term":[{"taxonomy":"category","embeddable":true,"href":"https:\/\/entretormentas.com\/index.php?rest_route=%2Fwp%2Fv2%2Fcategories&post=22328"},{"taxonomy":"post_tag","embeddable":true,"href":"https:\/\/entretormentas.com\/index.php?rest_route=%2Fwp%2Fv2%2Ftags&post=22328"}],"curies":[{"name":"wp","href":"https:\/\/api.w.org\/{rel}","templated":true}]}}