{"id":22338,"date":"2025-09-24T04:36:13","date_gmt":"2025-09-24T08:36:13","guid":{"rendered":"https:\/\/entretormentas.com\/?p=22338"},"modified":"2025-09-24T04:36:14","modified_gmt":"2025-09-24T08:36:14","slug":"a-partir-del-1-oct-anuncian-plan-nacional-de-vacunacion-contra-el-sarampion-rubeola-y-poliomielitis","status":"publish","type":"post","link":"https:\/\/entretormentas.com\/a-partir-del-1-oct-anuncian-plan-nacional-de-vacunacion-contra-el-sarampion-rubeola-y-poliomielitis\/","title":{"rendered":"\u00a1A PARTIR DEL 1-OCT! Anuncian plan nacional de vacunaci\u00f3n contra el sarampi\u00f3n, rub\u00e9ola y poliomielitis"},"content":{"rendered":"\n<p><strong>ENTRE TORMENTAS.<\/strong> El Ministerio para la Salud iniciar\u00e1 un plan masivo de vacunaci\u00f3n que ser\u00e1 del 1 al 31 de octubre. El objetivo principal es reducir la poblaci\u00f3n vulnerable y mantener al pa\u00eds libre de sarampi\u00f3n, rub\u00e9ola y poliomielitis.<\/p>\n\n\n\n<p>Los coordinadores de los ASIC recibieron instrucciones detalladas para establecer un plan de trabajo local, completar los esquemas de vacunaci\u00f3n en la poblaci\u00f3n priorizada de ni\u00f1os menores de un a\u00f1o, escolares y mujeres embarazadas, identificar los sectores afectados por brotes anteriores de sarampi\u00f3n para intensificar la vacunaci\u00f3n y as\u00ed garantizar que se administren las dosis necesarias para alcanzar las metas de cobertura establecidas a nivel nacional.<\/p>\n\n\n\n<p>Esta iniciativa busca cerrar las brechas de cobertura y asegurar que toda la poblaci\u00f3n elegible reciba sus vacunas, protegi\u00e9ndola de estas enfermedades.<br><strong><em>ET \/ Uni\u00f3n Radio<\/em><\/strong><\/p>\n","protected":false},"excerpt":{"rendered":"<p>ENTRE TORMENTAS. El Ministerio para la Salud iniciar\u00e1 un plan masivo de vacunaci\u00f3n que ser\u00e1&#8230;<\/p>\n","protected":false},"author":2,"featured_media":22339,"comment_status":"closed","ping_status":"open","sticky":false,"template":"","format":"standard","meta":{"footnotes":""},"categories":[56,49],"tags":[],"class_list":["post-22338","post","type-post","status-publish","format-standard","has-post-thumbnail","hentry","category-destacadas","category-nacionales"],"_links":{"self":[{"href":"https:\/\/entretormentas.com\/index.php?rest_route=\/wp\/v2\/posts\/22338","targetHints":{"allow":["GET"]}}],"collection":[{"href":"https:\/\/entretormentas.com\/index.php?rest_route=\/wp\/v2\/posts"}],"about":[{"href":"https:\/\/entretormentas.com\/index.php?rest_route=\/wp\/v2\/types\/post"}],"author":[{"embeddable":true,"href":"https:\/\/entretormentas.com\/index.php?rest_route=\/wp\/v2\/users\/2"}],"replies":[{"embeddable":true,"href":"https:\/\/entretormentas.com\/index.php?rest_route=%2Fwp%2Fv2%2Fcomments&post=22338"}],"version-history":[{"count":1,"href":"https:\/\/entretormentas.com\/index.php?rest_route=\/wp\/v2\/posts\/22338\/revisions"}],"predecessor-version":[{"id":22340,"href":"https:\/\/entretormentas.com\/index.php?rest_route=\/wp\/v2\/posts\/22338\/revisions\/22340"}],"wp:featuredmedia":[{"embeddable":true,"href":"https:\/\/entretormentas.com\/index.php?rest_route=\/wp\/v2\/media\/22339"}],"wp:attachment":[{"href":"https:\/\/entretormentas.com\/index.php?rest_route=%2Fwp%2Fv2%2Fmedia&parent=22338"}],"wp:term":[{"taxonomy":"category","embeddable":true,"href":"https:\/\/entretormentas.com\/index.php?rest_route=%2Fwp%2Fv2%2Fcategories&post=22338"},{"taxonomy":"post_tag","embeddable":true,"href":"https:\/\/entretormentas.com\/index.php?rest_route=%2Fwp%2Fv2%2Ftags&post=22338"}],"curies":[{"name":"wp","href":"https:\/\/api.w.org\/{rel}","templated":true}]}}