{"id":22341,"date":"2025-09-24T04:40:35","date_gmt":"2025-09-24T08:40:35","guid":{"rendered":"https:\/\/entretormentas.com\/?p=22341"},"modified":"2025-09-24T04:40:36","modified_gmt":"2025-09-24T08:40:36","slug":"tras-marcha-por-la-paz-padrino-lopez-insiste-en-que-se-estan-preparando-para-defender-a-venezuela","status":"publish","type":"post","link":"https:\/\/entretormentas.com\/tras-marcha-por-la-paz-padrino-lopez-insiste-en-que-se-estan-preparando-para-defender-a-venezuela\/","title":{"rendered":"\u00a1TRAS MARCHA POR LA PAZ! Padrino L\u00f3pez insiste en que \u00abse est\u00e1n preparando para defender a Venezuela\u00bb"},"content":{"rendered":"\n<p><strong>ENTRE TORMENTAS. <\/strong>El vicepresidente Sectorial de Soberan\u00eda Pol\u00edtica, Seguridad y Paz, Vladimir Padrino L\u00f3pez, precis\u00f3 que el hegemonismo se ha burlado de la Organizaci\u00f3n de las Naciones Unidas (ONU) y de las mujeres de la milicia venezolana, por lo cual la estrategia sigue siendo la unidad.<\/p>\n\n\n\n<p>Tal afirmaci\u00f3n la hizo durante su pronunciamiento al culminar la marcha realizada este martes por la Soberan\u00eda y la Paz, en donde militares y poder popular se unieron en una caminata que recorri\u00f3 las principales avenidas del territorio nacional.<\/p>\n\n\n\n<figure class=\"wp-block-image size-full\"><img fetchpriority=\"high\" decoding=\"async\" width=\"768\" height=\"573\" src=\"https:\/\/entretormentas.com\/wp-content\/uploads\/2025\/09\/padrinito2.jpeg\" alt=\"\" class=\"wp-image-22342\" srcset=\"https:\/\/entretormentas.com\/wp-content\/uploads\/2025\/09\/padrinito2.jpeg 768w, https:\/\/entretormentas.com\/wp-content\/uploads\/2025\/09\/padrinito2-300x224.jpeg 300w\" sizes=\"(max-width: 768px) 100vw, 768px\" \/><\/figure>\n\n\n\n<p>El general en Jefe, desde la avenida Bol\u00edvar de Caracas, manifest\u00f3 su complacencia por la gran multitud presente. \u00abEsta avenida est\u00e1 como de foto, de fotograf\u00eda. Una avenida llena de pueblo, llena de soldados, soldadas, de equipamiento militar, de la uni\u00f3n perfecta, popular, militar, policial\u00bb expres\u00f3.<\/p>\n\n\n\n<p>El tambi\u00e9n ministro de la Defensa subray\u00f3 que \u00abes una gran estrategia la que hemos construido en estos \u00faltimos a\u00f1os bajo el mandato nuestro comandante en jefe, presidente Nicol\u00e1s Maduro Moros. La estrategia de la unidad no hay quien pueda con la unidad y Bol\u00edvar lo dec\u00eda\u00bb record\u00f3.<\/p>\n\n\n\n<p>Recalc\u00f3 que ante las agresiones permanentes, el asedio, la persecuci\u00f3n econ\u00f3mica, la persecuci\u00f3n pol\u00edtica, diplom\u00e1tica contra el Gobierno revolucionario de Venezuela y el pueblo, se ha concretado la uni\u00f3n nacional, \u00abdivino tesoro de nuestra patria para enfrentar lo que haya que enfrentar y c\u00f3mo enfrentarlo\u00bb.<\/p>\n\n\n\n<p><strong>\u00abNO ESTAMOS JUGANDO\u00bb<\/strong><br>Padrino afirm\u00f3 que no se trata de un juego, la actual coyuntura que enfrenta los venezolanos y que \u00aben el momento indicado\u00bb el pueblo pasar\u00eda a \u00abla lucha armada, a defender esta patria, cent\u00edmetro a cent\u00edmetro, a defender el honor nacional, la dignidad nacional. No estamos aqu\u00ed de juegos. No estamos aqu\u00ed para estar recre\u00e1ndonos. En el tiempo y en el espacio, no. Nos estamos preparando. Nos estamos preparando\u00bb.<\/p>\n\n\n\n<p>El ministro de la defensa se refiri\u00f3 a las burlas el pasado lunes en torno a un grupo de milicianas.<\/p>\n\n\n\n<p>\u00abLa burla es muy poco valor humano. La burla es menosprecio por el pr\u00f3jimo. Es supremacismo. La burla es racismo. Cuando alguien se burla de alguien, de alg\u00fan ser humano que respira, que es de carne y hueso, eso no puede llamarse de otra manera, sino supremacismo, pues. Ven al resto del mundo como si fu\u00e9ramos esclavos, como si fu\u00e9ramos salvajes. Ven al resto del mundo de manera min\u00fascula\u00bb advirti\u00f3.<\/p>\n\n\n\n<figure class=\"wp-block-image size-full\"><img decoding=\"async\" width=\"720\" height=\"720\" src=\"https:\/\/entretormentas.com\/wp-content\/uploads\/2025\/09\/padrinito3.jpeg\" alt=\"\" class=\"wp-image-22343\" srcset=\"https:\/\/entretormentas.com\/wp-content\/uploads\/2025\/09\/padrinito3.jpeg 720w, https:\/\/entretormentas.com\/wp-content\/uploads\/2025\/09\/padrinito3-300x300.jpeg 300w, https:\/\/entretormentas.com\/wp-content\/uploads\/2025\/09\/padrinito3-150x150.jpeg 150w\" sizes=\"(max-width: 720px) 100vw, 720px\" \/><\/figure>\n\n\n\n<p>Atribuy\u00f3 tal situaci\u00f3n al \u00abhegemonismo imperial\u00bb el cual tiene toda su tecnolog\u00eda y equipamiento militar para intimidar y amedrentar a los pueblos del mundo.<\/p>\n\n\n\n<p>\u00abAqu\u00ed en el Caribe se han dado la tarea de estar ajusticiando a pescadores a hombres y mujeres que habiendo o no il\u00edcitos fueron ajusticiados en lugar de llevarlos a un encauzamiento judicial, como lo indica el derecho internacional\u00bb, alert\u00f3 el alto oficial.<\/p>\n\n\n\n<p>Tambi\u00e9n dijo que el hegemonismo se burla de la Organizaci\u00f3n de las Naciones Unidas (ONU), minimizando la acci\u00f3n y la raz\u00f3n de ser de la ONU como organismo multilateral madre, matriz para mantener la paz en el mundo.<\/p>\n\n\n\n<p>Dijo que aquellos pa\u00edses que tienen mayor poder pretenden acabar con la ONU.<\/p>\n\n\n\n<p>\u00abEs el hegemonismo que incumple, que sabotea, que hace la guerra, que mata ni\u00f1os y ni\u00f1as all\u00e1 en la Franja de Gaza y tira bombas en el medio oriente. Es el hegem\u00f3n imperial, el que no quiere la paz en el mundo. Nosotros amamos la paz y por eso nos estamos preparando con las armas para defender esa paz, para defender la paz\u00bb.<\/p>\n\n\n\n<p>Con respecto a la burla contra las mujeres pertenecientes a la Milicia Bolivariana, dijo que \u00ablos soldados venezolanos de la Fuerza Armada Nacional Bolivariana se ponen al frente en defensa de la mujer venezolana, de su dignidad, de su honor, de su gallard\u00eda, de su hidalgu\u00eda\u00bb.<br><strong><em>ET \/ \u00daltimas Noticias<\/em><\/strong><\/p>\n\n\n\n<p><\/p>\n","protected":false},"excerpt":{"rendered":"<p>ENTRE TORMENTAS. El vicepresidente Sectorial de Soberan\u00eda Pol\u00edtica, Seguridad y Paz, Vladimir Padrino L\u00f3pez, precis\u00f3&#8230;<\/p>\n","protected":false},"author":2,"featured_media":22344,"comment_status":"closed","ping_status":"open","sticky":false,"template":"","format":"standard","meta":{"footnotes":""},"categories":[56,49],"tags":[],"class_list":["post-22341","post","type-post","status-publish","format-standard","has-post-thumbnail","hentry","category-destacadas","category-nacionales"],"_links":{"self":[{"href":"https:\/\/entretormentas.com\/index.php?rest_route=\/wp\/v2\/posts\/22341","targetHints":{"allow":["GET"]}}],"collection":[{"href":"https:\/\/entretormentas.com\/index.php?rest_route=\/wp\/v2\/posts"}],"about":[{"href":"https:\/\/entretormentas.com\/index.php?rest_route=\/wp\/v2\/types\/post"}],"author":[{"embeddable":true,"href":"https:\/\/entretormentas.com\/index.php?rest_route=\/wp\/v2\/users\/2"}],"replies":[{"embeddable":true,"href":"https:\/\/entretormentas.com\/index.php?rest_route=%2Fwp%2Fv2%2Fcomments&post=22341"}],"version-history":[{"count":1,"href":"https:\/\/entretormentas.com\/index.php?rest_route=\/wp\/v2\/posts\/22341\/revisions"}],"predecessor-version":[{"id":22345,"href":"https:\/\/entretormentas.com\/index.php?rest_route=\/wp\/v2\/posts\/22341\/revisions\/22345"}],"wp:featuredmedia":[{"embeddable":true,"href":"https:\/\/entretormentas.com\/index.php?rest_route=\/wp\/v2\/media\/22344"}],"wp:attachment":[{"href":"https:\/\/entretormentas.com\/index.php?rest_route=%2Fwp%2Fv2%2Fmedia&parent=22341"}],"wp:term":[{"taxonomy":"category","embeddable":true,"href":"https:\/\/entretormentas.com\/index.php?rest_route=%2Fwp%2Fv2%2Fcategories&post=22341"},{"taxonomy":"post_tag","embeddable":true,"href":"https:\/\/entretormentas.com\/index.php?rest_route=%2Fwp%2Fv2%2Ftags&post=22341"}],"curies":[{"name":"wp","href":"https:\/\/api.w.org\/{rel}","templated":true}]}}