{"id":22346,"date":"2025-09-24T04:44:19","date_gmt":"2025-09-24T08:44:19","guid":{"rendered":"https:\/\/entretormentas.com\/?p=22346"},"modified":"2025-09-24T04:44:20","modified_gmt":"2025-09-24T08:44:20","slug":"via-decreto-maduro-evalua-declarar-estado-de-conmocion-exterior-ante-agresiones-de-eeuu","status":"publish","type":"post","link":"https:\/\/entretormentas.com\/via-decreto-maduro-evalua-declarar-estado-de-conmocion-exterior-ante-agresiones-de-eeuu\/","title":{"rendered":"\u00a1V\u00cdA DECRETO! Maduro eval\u00faa declarar \u00abestado de conmoci\u00f3n exterior\u00bb ante agresiones de EEUU"},"content":{"rendered":"\n<p><strong>ENTRE TORMENTAS.<\/strong> El presidente de Venezuela, Nicol\u00e1s Maduro, junto con los jefes de los distintos poderes p\u00fablicos del pa\u00eds y otros funcionarios, eval\u00faa este martes declarar, mediante un decreto, el \u00abestado de conmoci\u00f3n exterior en todo el territorio nacional\u00bb ante las que el mandatario se\u00f1al\u00f3 como \u00abagresiones y amenazas\u00bb de Estados Unidos.<\/p>\n\n\n\n<p>La afirmaci\u00f3n la hizo durante la reuni\u00f3n del organismo, en la que participan representantes de los Poderes P\u00fablicos, el presidente de la Asamblea Nacional, Jorge Rodr\u00edguez; el productor Reinaldo Mu\u00f1oz; la presidenta del Tribunal Supremo de Justicia, Caryslia Beatriz Rodriguez; el fiscal general de la Rep\u00fablica, Tarek William Saab, as\u00ed como la vicepresidenta Delcy Rodr\u00edguez, que preside la instancia.<\/p>\n\n\n\n<figure class=\"wp-block-image size-full\"><img fetchpriority=\"high\" decoding=\"async\" width=\"677\" height=\"374\" src=\"https:\/\/entretormentas.com\/wp-content\/uploads\/2025\/09\/conmocion2.jpeg\" alt=\"\" class=\"wp-image-22347\" srcset=\"https:\/\/entretormentas.com\/wp-content\/uploads\/2025\/09\/conmocion2.jpeg 677w, https:\/\/entretormentas.com\/wp-content\/uploads\/2025\/09\/conmocion2-300x166.jpeg 300w\" sizes=\"(max-width: 677px) 100vw, 677px\" \/><\/figure>\n\n\n\n<p>Explic\u00f3 que el objetivo del decreto es que \u00abtoda la naci\u00f3n, toda la Rep\u00fablica, la institucionalidad, hombre y mujer ciudadano de este pa\u00eds tenga el respaldo, la protecci\u00f3n y la activaci\u00f3n de todas las fuerzas de la sociedad venezolana para responder a la amenazas o si se diera el caso, ante cualquier ataque que se hiciera contra nuestra muy heroica, hist\u00f3rica Rep\u00fablica Bolivariana de Venezuela\u00bb.<\/p>\n\n\n\n<p>Indic\u00f3 que el Consejo Nacional de Soberan\u00eda y Paz ha dado sendos aportes jur\u00eddicos en materia de los decretos que sirven como instrumento y recursos de paz si Venezuela fuera agredida militarmente.<\/p>\n\n\n\n<p>\u00abLos pasos para aplicar la doctrina de defensa integral est\u00e1n en un nivel avanzado de desarrollo. Hoy se vio una movilizaci\u00f3n autoconvocada que reuni\u00f3 a miles y miles y llen\u00f3 la avenida Bol\u00edvar de Caracas\u00bb, dijo el Jefe de Estado en referencia a la marcha por la soberan\u00eda y la paz.<br><strong><em>ET \/ Uni\u00f3n Radio<\/em><\/strong><\/p>\n","protected":false},"excerpt":{"rendered":"<p>ENTRE TORMENTAS. El presidente de Venezuela, Nicol\u00e1s Maduro, junto con los jefes de los distintos&#8230;<\/p>\n","protected":false},"author":2,"featured_media":22348,"comment_status":"closed","ping_status":"open","sticky":false,"template":"","format":"standard","meta":{"footnotes":""},"categories":[56,49],"tags":[],"class_list":["post-22346","post","type-post","status-publish","format-standard","has-post-thumbnail","hentry","category-destacadas","category-nacionales"],"_links":{"self":[{"href":"https:\/\/entretormentas.com\/index.php?rest_route=\/wp\/v2\/posts\/22346","targetHints":{"allow":["GET"]}}],"collection":[{"href":"https:\/\/entretormentas.com\/index.php?rest_route=\/wp\/v2\/posts"}],"about":[{"href":"https:\/\/entretormentas.com\/index.php?rest_route=\/wp\/v2\/types\/post"}],"author":[{"embeddable":true,"href":"https:\/\/entretormentas.com\/index.php?rest_route=\/wp\/v2\/users\/2"}],"replies":[{"embeddable":true,"href":"https:\/\/entretormentas.com\/index.php?rest_route=%2Fwp%2Fv2%2Fcomments&post=22346"}],"version-history":[{"count":1,"href":"https:\/\/entretormentas.com\/index.php?rest_route=\/wp\/v2\/posts\/22346\/revisions"}],"predecessor-version":[{"id":22349,"href":"https:\/\/entretormentas.com\/index.php?rest_route=\/wp\/v2\/posts\/22346\/revisions\/22349"}],"wp:featuredmedia":[{"embeddable":true,"href":"https:\/\/entretormentas.com\/index.php?rest_route=\/wp\/v2\/media\/22348"}],"wp:attachment":[{"href":"https:\/\/entretormentas.com\/index.php?rest_route=%2Fwp%2Fv2%2Fmedia&parent=22346"}],"wp:term":[{"taxonomy":"category","embeddable":true,"href":"https:\/\/entretormentas.com\/index.php?rest_route=%2Fwp%2Fv2%2Fcategories&post=22346"},{"taxonomy":"post_tag","embeddable":true,"href":"https:\/\/entretormentas.com\/index.php?rest_route=%2Fwp%2Fv2%2Ftags&post=22346"}],"curies":[{"name":"wp","href":"https:\/\/api.w.org\/{rel}","templated":true}]}}