{"id":22362,"date":"2025-09-25T03:48:16","date_gmt":"2025-09-25T07:48:16","guid":{"rendered":"https:\/\/entretormentas.com\/?p=22362"},"modified":"2025-09-25T03:48:17","modified_gmt":"2025-09-25T07:48:17","slug":"el-redondo-alcaldia-de-maracaibo-restaura-banos-del-cementerio-san-jose","status":"publish","type":"post","link":"https:\/\/entretormentas.com\/el-redondo-alcaldia-de-maracaibo-restaura-banos-del-cementerio-san-jose\/","title":{"rendered":"\u00a1\u00bbEL REDONDO\u00bb! Alcald\u00eda de Maracaibo restaura ba\u00f1os del Cementerio San Jos\u00e9"},"content":{"rendered":"\n<p><strong>ENTRE TORMENTAS.<\/strong> En el marco del Plan de Restauraci\u00f3n de Camposantos, impulsado por el alcalde de Maracaibo, Giancarlo Di Martino, para dignificar y recuperar estos espacios sagrados de la ciudad, a trav\u00e9s del Servicio Desconcentrado de Cementerios Municipales de Maracaibo (SEDECEMA) se iniciaron los trabajos de restauraci\u00f3n integral en los sanitarios p\u00fablicos del Cementerio San Jos\u00e9 \u201cEl Redondo\u201d, ubicado en la avenida 15 Delicias.<\/p>\n\n\n\n<p>As\u00ed lo dio a conocer el director del SEDECEMA, Alfonso Cede\u00f1o, quien detall\u00f3 que la ejecuci\u00f3n de estos trabajos busca mejorar de manera significativa las condiciones sanitarias para los visitantes y el personal que labora en este patrimonio hist\u00f3rico y cultural de la ciudad.<\/p>\n\n\n\n<p>Cede\u00f1o inform\u00f3 que la restauraci\u00f3n completa de la infraestructura sanitaria incluye la renovaci\u00f3n de tuber\u00edas, sanitarios, grifer\u00eda, sustituci\u00f3n de pisos, adem\u00e1s de la instalaci\u00f3n de iluminaci\u00f3n y asegurar el suministro de agua para el correcto funcionamiento de las instalaciones.<\/p>\n\n\n\n<figure class=\"wp-block-image size-large\"><img fetchpriority=\"high\" decoding=\"async\" width=\"576\" height=\"1024\" src=\"https:\/\/entretormentas.com\/wp-content\/uploads\/2025\/09\/redondo2-576x1024.jpeg\" alt=\"\" class=\"wp-image-22363\" srcset=\"https:\/\/entretormentas.com\/wp-content\/uploads\/2025\/09\/redondo2-576x1024.jpeg 576w, https:\/\/entretormentas.com\/wp-content\/uploads\/2025\/09\/redondo2-169x300.jpeg 169w, https:\/\/entretormentas.com\/wp-content\/uploads\/2025\/09\/redondo2.jpeg 720w\" sizes=\"(max-width: 576px) 100vw, 576px\" \/><\/figure>\n\n\n\n<p>El director del SEDECEMA manifest\u00f3 que esta iniciativa \u201cliderada por nuestro alcalde marabino no s\u00f3lo busca mejorar la funcionalidad de los ba\u00f1os, sino tambi\u00e9n crear un ambiente digno y respetuoso para las familias que visitan a sus seres queridos, la inexistencia del mantenimiento de estas \u00e1reas ha sido una constante preocupaci\u00f3n para visitantes, trabajadoras y trabajadores, y su restauraci\u00f3n representa una respuesta directa a sus necesidades\u201d.<\/p>\n\n\n\n<p>Esta restauraci\u00f3n forma parte del Plan de Restauraci\u00f3n de Camposantos que lleva adelante la Alcald\u00eda Bolivariana de Maracaibo, en consonancia con las orientaciones del gobierno bolivariano del presidente Nicol\u00e1s Maduro y las 7 Transformaciones del Estado venezolano, que tienen que ver en el \u00e1rea social con acelerar la recuperaci\u00f3n del estado de bienestar de la poblaci\u00f3n. De all\u00ed que desde la alcald\u00eda de Maracaibo se desarrollan los trabajos de restauraci\u00f3n que abarcan la limpieza, desmalezamiento, pintura y rehabilitaci\u00f3n de los cementerios municipales, en aras de reafirmar el compromiso con la recuperaci\u00f3n de estos espacios que forman parte de las familias marabinas que tienen a sus seres queridos all\u00ed.<br><strong><em>ET \/ Prensa Alcald\u00eda de Maracaibo<\/em><\/strong><\/p>\n","protected":false},"excerpt":{"rendered":"<p>ENTRE TORMENTAS. En el marco del Plan de Restauraci\u00f3n de Camposantos, impulsado por el alcalde&#8230;<\/p>\n","protected":false},"author":2,"featured_media":22364,"comment_status":"closed","ping_status":"open","sticky":false,"template":"","format":"standard","meta":{"footnotes":""},"categories":[57,1],"tags":[],"class_list":["post-22362","post","type-post","status-publish","format-standard","has-post-thumbnail","hentry","category-actualidad","category-regionales"],"_links":{"self":[{"href":"https:\/\/entretormentas.com\/index.php?rest_route=\/wp\/v2\/posts\/22362","targetHints":{"allow":["GET"]}}],"collection":[{"href":"https:\/\/entretormentas.com\/index.php?rest_route=\/wp\/v2\/posts"}],"about":[{"href":"https:\/\/entretormentas.com\/index.php?rest_route=\/wp\/v2\/types\/post"}],"author":[{"embeddable":true,"href":"https:\/\/entretormentas.com\/index.php?rest_route=\/wp\/v2\/users\/2"}],"replies":[{"embeddable":true,"href":"https:\/\/entretormentas.com\/index.php?rest_route=%2Fwp%2Fv2%2Fcomments&post=22362"}],"version-history":[{"count":1,"href":"https:\/\/entretormentas.com\/index.php?rest_route=\/wp\/v2\/posts\/22362\/revisions"}],"predecessor-version":[{"id":22365,"href":"https:\/\/entretormentas.com\/index.php?rest_route=\/wp\/v2\/posts\/22362\/revisions\/22365"}],"wp:featuredmedia":[{"embeddable":true,"href":"https:\/\/entretormentas.com\/index.php?rest_route=\/wp\/v2\/media\/22364"}],"wp:attachment":[{"href":"https:\/\/entretormentas.com\/index.php?rest_route=%2Fwp%2Fv2%2Fmedia&parent=22362"}],"wp:term":[{"taxonomy":"category","embeddable":true,"href":"https:\/\/entretormentas.com\/index.php?rest_route=%2Fwp%2Fv2%2Fcategories&post=22362"},{"taxonomy":"post_tag","embeddable":true,"href":"https:\/\/entretormentas.com\/index.php?rest_route=%2Fwp%2Fv2%2Ftags&post=22362"}],"curies":[{"name":"wp","href":"https:\/\/api.w.org\/{rel}","templated":true}]}}