{"id":22375,"date":"2025-09-25T03:59:47","date_gmt":"2025-09-25T07:59:47","guid":{"rendered":"https:\/\/entretormentas.com\/?p=22375"},"modified":"2025-09-25T03:59:48","modified_gmt":"2025-09-25T07:59:48","slug":"12-funcionarios-heridos-alcaldia-de-san-francisco-brinda-apoyo-a-bomberos-lesionados-en-explosion","status":"publish","type":"post","link":"https:\/\/entretormentas.com\/12-funcionarios-heridos-alcaldia-de-san-francisco-brinda-apoyo-a-bomberos-lesionados-en-explosion\/","title":{"rendered":"\u00a112 FUNCIONARIOS HERIDOS! Alcald\u00eda de San Francisco brinda apoyo a bomberos lesionados en explosi\u00f3n"},"content":{"rendered":"\n<p><strong>ENTRE TORMENTAS.<\/strong> Siguiendo las instrucciones del Alcalde de San Francisco, H\u00e9ctor Soto y como parte de las acciones para atender a los afectados por la explosi\u00f3n en el galp\u00f3n de fuegos artificiales Gallo Verde, en la parroquia Marcial Hern\u00e1ndez, el equipo de Desarrollo Social del ayuntamiento sure\u00f1o despleg\u00f3 un equipo para la entrega de ayudas a los bomberos lesionados en el suceso.<\/p>\n\n\n\n<p>Entre los heridos del incidente se encuentran 12 funcionarios, tanto del Cuerpo de Bomberos de San Francisco, como del Cuerpo de Bomberos Aeron\u00e1uticos, quienes desde el primer d\u00eda han recibido la atenci\u00f3n m\u00e9dica pertinente, unos menos afectados que otros, pero que gracias a sus destrezas, fuerza y trabajo en equipo, lograron salir con vida ante tan grande explosi\u00f3n.<\/p>\n\n\n\n<p>Tal es el caso de Osmer y Luis Daniel Villasmil, hermanos y ambos pertenecientes al Cuerpo de Bomberos Aeron\u00e1uticos, quienes se encontraban saliendo de su jornada laboral pero al visualizar el humo que se extend\u00eda cada vez m\u00e1s por el cielo, decidieron regresar a prestar ayuda. Ambos volaron por los aires y tuvieron fracturas, en el caso de Luis Daniel, en el cr\u00e1neo por lo cual tuvo que ser intervenido quir\u00fargicamente, as\u00ed lo inform\u00f3 su progenitora, la se\u00f1ora Teresa Vera.<\/p>\n\n\n\n<figure class=\"wp-block-image size-large\"><img fetchpriority=\"high\" decoding=\"async\" width=\"1024\" height=\"720\" src=\"https:\/\/entretormentas.com\/wp-content\/uploads\/2025\/09\/bombeheridos2-1024x720.jpeg\" alt=\"\" class=\"wp-image-22376\" srcset=\"https:\/\/entretormentas.com\/wp-content\/uploads\/2025\/09\/bombeheridos2-1024x720.jpeg 1024w, https:\/\/entretormentas.com\/wp-content\/uploads\/2025\/09\/bombeheridos2-300x211.jpeg 300w, https:\/\/entretormentas.com\/wp-content\/uploads\/2025\/09\/bombeheridos2-768x540.jpeg 768w, https:\/\/entretormentas.com\/wp-content\/uploads\/2025\/09\/bombeheridos2.jpeg 1280w\" sizes=\"(max-width: 1024px) 100vw, 1024px\" \/><\/figure>\n\n\n\n<p>Vera destac\u00f3 adem\u00e1s que han recibido apoyo tanto de la Gobernaci\u00f3n del estado Zulia, como de la alcaldia sure\u00f1a y del Cuerpo de Bomberos de San Francisco, \u00abdesde el primer d\u00eda hemos tenido su ayuda y me siento orgullosa de mis hijos porque arriesgaron sus vidas por salvar a otros. Se que ellos lo har\u00edan una y mil veces m\u00e1s\u00bb.<\/p>\n\n\n\n<p>Por su parte, el Primer Teniente Marcos Borges, quien resalt\u00f3 que fue uno de los menos heridos, pues solo tuvo contusiones leves producto de una pared que cedi\u00f3 por la onda expansiva provocada por la explosi\u00f3n, agradeci\u00f3 todas las atenciones que han recibido \u00e9l y sus compa\u00f1eros, quienes no dudar\u00edan en hacerlo nuevamente si fuese necesario. \u00abPara eso nos formaron, m\u00e1s all\u00e1 de combatir los incendios nuestro deber es resguardar vidas y hasta que el cuerpo y el esp\u00edritu me lo permitan seguir\u00e9 en esta labor\u00bb, finaliz\u00f3 Borges.<\/p>\n\n\n\n<p>Entre las ayudas que se entregaron se encuentran artefactos de l\u00ednea blanca, muletas, medicamentos y combos alimenticios, con los cuales el alcalde sure\u00f1o busca ofrecer mayor bienestar, tranquilidad y representa una forma de agradecimiento por tan loable labor en el terrible incidente en el que, afortunadamente, no hubo v\u00edctimas fatales.<br><strong><em>ET \/ Prensa Alcald\u00eda de San Francisco<\/em><\/strong><\/p>\n","protected":false},"excerpt":{"rendered":"<p>ENTRE TORMENTAS. Siguiendo las instrucciones del Alcalde de San Francisco, H\u00e9ctor Soto y como parte&#8230;<\/p>\n","protected":false},"author":2,"featured_media":22377,"comment_status":"closed","ping_status":"open","sticky":false,"template":"","format":"standard","meta":{"footnotes":""},"categories":[57,1],"tags":[],"class_list":["post-22375","post","type-post","status-publish","format-standard","has-post-thumbnail","hentry","category-actualidad","category-regionales"],"_links":{"self":[{"href":"https:\/\/entretormentas.com\/index.php?rest_route=\/wp\/v2\/posts\/22375","targetHints":{"allow":["GET"]}}],"collection":[{"href":"https:\/\/entretormentas.com\/index.php?rest_route=\/wp\/v2\/posts"}],"about":[{"href":"https:\/\/entretormentas.com\/index.php?rest_route=\/wp\/v2\/types\/post"}],"author":[{"embeddable":true,"href":"https:\/\/entretormentas.com\/index.php?rest_route=\/wp\/v2\/users\/2"}],"replies":[{"embeddable":true,"href":"https:\/\/entretormentas.com\/index.php?rest_route=%2Fwp%2Fv2%2Fcomments&post=22375"}],"version-history":[{"count":1,"href":"https:\/\/entretormentas.com\/index.php?rest_route=\/wp\/v2\/posts\/22375\/revisions"}],"predecessor-version":[{"id":22378,"href":"https:\/\/entretormentas.com\/index.php?rest_route=\/wp\/v2\/posts\/22375\/revisions\/22378"}],"wp:featuredmedia":[{"embeddable":true,"href":"https:\/\/entretormentas.com\/index.php?rest_route=\/wp\/v2\/media\/22377"}],"wp:attachment":[{"href":"https:\/\/entretormentas.com\/index.php?rest_route=%2Fwp%2Fv2%2Fmedia&parent=22375"}],"wp:term":[{"taxonomy":"category","embeddable":true,"href":"https:\/\/entretormentas.com\/index.php?rest_route=%2Fwp%2Fv2%2Fcategories&post=22375"},{"taxonomy":"post_tag","embeddable":true,"href":"https:\/\/entretormentas.com\/index.php?rest_route=%2Fwp%2Fv2%2Ftags&post=22375"}],"curies":[{"name":"wp","href":"https:\/\/api.w.org\/{rel}","templated":true}]}}