{"id":22379,"date":"2025-09-25T04:03:47","date_gmt":"2025-09-25T08:03:47","guid":{"rendered":"https:\/\/entretormentas.com\/?p=22379"},"modified":"2025-09-25T04:03:48","modified_gmt":"2025-09-25T08:03:48","slug":"castralat-2025-maracaibo-se-suma-a-la-jornada-masiva-de-esterilizacion-animal-este-4-oct","status":"publish","type":"post","link":"https:\/\/entretormentas.com\/castralat-2025-maracaibo-se-suma-a-la-jornada-masiva-de-esterilizacion-animal-este-4-oct\/","title":{"rendered":"\u00a1CASTRALAT 2025! Maracaibo se suma a la jornada masiva de esterilizaci\u00f3n animal este 4-Oct"},"content":{"rendered":"\n<p><strong>ENTRE TORMENTAS.<\/strong> A prop\u00f3sito de celebrarse el pr\u00f3ximo 4 de octubre el \u201cD\u00eda Mundial de las Mascotas, la Alcald\u00eda de Maracaibo, a trav\u00e9s del Instituto Municipal de Protecci\u00f3n Animal (IMPA), anunci\u00f3 su participaci\u00f3n en la jornada masiva de castraci\u00f3n latinoamericana \u201cCastralat 2025\u201d, la cual se llevar\u00e1 a cabo en las instalaciones de la Plaza Para Todos, una iniciativa que busca combatir el abandono, maltrato animal y la sobrepoblaci\u00f3n de perros y gatos.<\/p>\n\n\n\n<p>Es importante mencionar que \u201cCastralat\u201d agrupa a m\u00e1s de 18 pa\u00edses latinoamericanos, mediante la colaboraci\u00f3n de m\u00e9dicos veterinarios instituciones y asociaciones para superar r\u00e9cords mundiales de intervenciones quir\u00fargicas.<\/p>\n\n\n\n<p>La presidenta del IMPA, m\u00e9dica veterinaria Nohelia Parra, destac\u00f3 la importancia de esta jornada en virtud de que el evento es un movimiento internacional, de lo cual \u201cnos sentimos muy orgullosos de unirnos a esta labor. La esterilizaci\u00f3n es la herramienta m\u00e1s eficaz para prevenir el abandono y mejorar la calidad de vida de nuestras mascotas. Queremos hacer un llamado a toda la comunidad marabina para que se sume a esta causa\u00bb.<\/p>\n\n\n\n<figure class=\"wp-block-image size-large\"><img fetchpriority=\"high\" decoding=\"async\" width=\"819\" height=\"1024\" src=\"https:\/\/entretormentas.com\/wp-content\/uploads\/2025\/09\/castralat2-819x1024.jpeg\" alt=\"\" class=\"wp-image-22380\" srcset=\"https:\/\/entretormentas.com\/wp-content\/uploads\/2025\/09\/castralat2-819x1024.jpeg 819w, https:\/\/entretormentas.com\/wp-content\/uploads\/2025\/09\/castralat2-240x300.jpeg 240w, https:\/\/entretormentas.com\/wp-content\/uploads\/2025\/09\/castralat2-768x960.jpeg 768w, https:\/\/entretormentas.com\/wp-content\/uploads\/2025\/09\/castralat2.jpeg 1024w\" sizes=\"(max-width: 819px) 100vw, 819px\" \/><\/figure>\n\n\n\n<p>Parra inform\u00f3 que la jornada est\u00e1 dirigida para felinos y caninos, previo el cumplimiento de algunos requisitos establecidos para cada especie. \u00abPara los perros, es indispensable que realicen una consulta veterinaria antes y una hematolog\u00eda para garantizar su salud. En el caso de los gatos, los machos deben tener una edad m\u00ednima de ocho meses y las hembras a partir de seis meses\u00bb, especific\u00f3 Parra.<\/p>\n\n\n\n<p>Recalc\u00f3 que los cupos son limitados para dichas cirug\u00edas y que depender\u00e1 de la complejidad y el tiempo que dure el proceso de cada felino y canino.<\/p>\n\n\n\n<p>Las solicitudes de las personas que deseen participar en esta jornada de esterilizaci\u00f3n, se recibir\u00e1n a trav\u00e9s de las cuentas de Instagram y tik tok del IMPA: @proteccionanimal.mcbo<br><strong><em>ET \/ Prensa Alcald\u00eda de Maracaibo<\/em><\/strong><\/p>\n","protected":false},"excerpt":{"rendered":"<p>ENTRE TORMENTAS. A prop\u00f3sito de celebrarse el pr\u00f3ximo 4 de octubre el \u201cD\u00eda Mundial de&#8230;<\/p>\n","protected":false},"author":2,"featured_media":22381,"comment_status":"closed","ping_status":"open","sticky":false,"template":"","format":"standard","meta":{"footnotes":""},"categories":[57,1],"tags":[],"class_list":["post-22379","post","type-post","status-publish","format-standard","has-post-thumbnail","hentry","category-actualidad","category-regionales"],"_links":{"self":[{"href":"https:\/\/entretormentas.com\/index.php?rest_route=\/wp\/v2\/posts\/22379","targetHints":{"allow":["GET"]}}],"collection":[{"href":"https:\/\/entretormentas.com\/index.php?rest_route=\/wp\/v2\/posts"}],"about":[{"href":"https:\/\/entretormentas.com\/index.php?rest_route=\/wp\/v2\/types\/post"}],"author":[{"embeddable":true,"href":"https:\/\/entretormentas.com\/index.php?rest_route=\/wp\/v2\/users\/2"}],"replies":[{"embeddable":true,"href":"https:\/\/entretormentas.com\/index.php?rest_route=%2Fwp%2Fv2%2Fcomments&post=22379"}],"version-history":[{"count":1,"href":"https:\/\/entretormentas.com\/index.php?rest_route=\/wp\/v2\/posts\/22379\/revisions"}],"predecessor-version":[{"id":22382,"href":"https:\/\/entretormentas.com\/index.php?rest_route=\/wp\/v2\/posts\/22379\/revisions\/22382"}],"wp:featuredmedia":[{"embeddable":true,"href":"https:\/\/entretormentas.com\/index.php?rest_route=\/wp\/v2\/media\/22381"}],"wp:attachment":[{"href":"https:\/\/entretormentas.com\/index.php?rest_route=%2Fwp%2Fv2%2Fmedia&parent=22379"}],"wp:term":[{"taxonomy":"category","embeddable":true,"href":"https:\/\/entretormentas.com\/index.php?rest_route=%2Fwp%2Fv2%2Fcategories&post=22379"},{"taxonomy":"post_tag","embeddable":true,"href":"https:\/\/entretormentas.com\/index.php?rest_route=%2Fwp%2Fv2%2Ftags&post=22379"}],"curies":[{"name":"wp","href":"https:\/\/api.w.org\/{rel}","templated":true}]}}