{"id":22383,"date":"2025-09-25T04:08:20","date_gmt":"2025-09-25T08:08:20","guid":{"rendered":"https:\/\/entretormentas.com\/?p=22383"},"modified":"2025-09-25T04:08:21","modified_gmt":"2025-09-25T08:08:21","slug":"con-250-toneladas-de-asfalto-alcaldia-de-maracaibo-inicia-rehabilitacion-de-la-avenida-las-delicias","status":"publish","type":"post","link":"https:\/\/entretormentas.com\/con-250-toneladas-de-asfalto-alcaldia-de-maracaibo-inicia-rehabilitacion-de-la-avenida-las-delicias\/","title":{"rendered":"\u00a1CON 250 TONELADAS DE ASFALTO! Alcald\u00eda de Maracaibo inicia rehabilitaci\u00f3n de la avenida \u201cLas Delicias\u201d"},"content":{"rendered":"\n<p><strong>ENTRE TORMENTAS.<\/strong> La Alcald\u00eda de Maracaibo inici\u00f3 este martes 23 de septiembre los trabajos de reasfaltado con la aplicaci\u00f3n de 250 toneladas de capa asf\u00e1ltica en la avenida 15 Las Delicias, como parte del plan municipal de recuperaci\u00f3n vial que impulsa la gesti\u00f3n de Giancarlo Di Martino.<\/p>\n\n\n\n<p>Giovanny Marzocca, director de Infraestructura de la alcald\u00eda marabina inform\u00f3 que los equipos de trabajo se encuentran en la primera etapa de abordaje de esta v\u00eda para cubrir 300 metros lineales entre las calles 89 y 85 con Delicias.<\/p>\n\n\n\n<figure class=\"wp-block-image size-large\"><img fetchpriority=\"high\" decoding=\"async\" width=\"1024\" height=\"768\" src=\"https:\/\/entretormentas.com\/wp-content\/uploads\/2025\/09\/delicias2-1024x768.jpeg\" alt=\"\" class=\"wp-image-22384\" srcset=\"https:\/\/entretormentas.com\/wp-content\/uploads\/2025\/09\/delicias2-1024x768.jpeg 1024w, https:\/\/entretormentas.com\/wp-content\/uploads\/2025\/09\/delicias2-300x225.jpeg 300w, https:\/\/entretormentas.com\/wp-content\/uploads\/2025\/09\/delicias2-768x576.jpeg 768w, https:\/\/entretormentas.com\/wp-content\/uploads\/2025\/09\/delicias2.jpeg 1280w\" sizes=\"(max-width: 1024px) 100vw, 1024px\" \/><\/figure>\n\n\n\n<p>Marzocca explic\u00f3 que el comienzo de la obra tiene el objetivo de recuperar los tramos m\u00e1s cr\u00edticos de la arteria vial, una de las m\u00e1s concurridas y transitadas de la capital zuliana. \u201cIniciamos el trabajo en el sentido centro-norte y vamos a seguir avanzando por toda la avenida, reasfaltando los tramos m\u00e1s cr\u00edticos. Luego vamos a reasfaltar en sentido contrario para rehabilitar toda esta arteria vial\u201d, coment\u00f3 el titular de infraestructura.<\/p>\n\n\n\n<p>La rehabilitaci\u00f3n vial de la ciudad permite optimizar el desplazamiento de los veh\u00edculos y garantiza la seguridad de los conductores y usuarios, pol\u00edtica social que impulsa el alcalde Di Martino, quien se comprometi\u00f3 con los marabinos a recuperar la vialidad de la capital zuliana, articulando esfuerzos con el presidente Nicol\u00e1s Maduro y el Gobernador Luis Caldera.<\/p>\n\n\n\n<p>El gobierno municipal contin\u00faa fortaleciendo las acciones gubernamentales que beneficien a todos los marabinos y contin\u00faa en su proceso por darle a esta ciudad el brillo que en otrora pose\u00eda hasta que vuela a ser la primera ciudad de Venezuela.<br><strong><em>ET \/ Prensa Alcald\u00eda de Maracaibo<\/em><\/strong><\/p>\n","protected":false},"excerpt":{"rendered":"<p>ENTRE TORMENTAS. La Alcald\u00eda de Maracaibo inici\u00f3 este martes 23 de septiembre los trabajos de&#8230;<\/p>\n","protected":false},"author":2,"featured_media":22385,"comment_status":"closed","ping_status":"open","sticky":false,"template":"","format":"standard","meta":{"footnotes":""},"categories":[57,1],"tags":[],"class_list":["post-22383","post","type-post","status-publish","format-standard","has-post-thumbnail","hentry","category-actualidad","category-regionales"],"_links":{"self":[{"href":"https:\/\/entretormentas.com\/index.php?rest_route=\/wp\/v2\/posts\/22383","targetHints":{"allow":["GET"]}}],"collection":[{"href":"https:\/\/entretormentas.com\/index.php?rest_route=\/wp\/v2\/posts"}],"about":[{"href":"https:\/\/entretormentas.com\/index.php?rest_route=\/wp\/v2\/types\/post"}],"author":[{"embeddable":true,"href":"https:\/\/entretormentas.com\/index.php?rest_route=\/wp\/v2\/users\/2"}],"replies":[{"embeddable":true,"href":"https:\/\/entretormentas.com\/index.php?rest_route=%2Fwp%2Fv2%2Fcomments&post=22383"}],"version-history":[{"count":1,"href":"https:\/\/entretormentas.com\/index.php?rest_route=\/wp\/v2\/posts\/22383\/revisions"}],"predecessor-version":[{"id":22386,"href":"https:\/\/entretormentas.com\/index.php?rest_route=\/wp\/v2\/posts\/22383\/revisions\/22386"}],"wp:featuredmedia":[{"embeddable":true,"href":"https:\/\/entretormentas.com\/index.php?rest_route=\/wp\/v2\/media\/22385"}],"wp:attachment":[{"href":"https:\/\/entretormentas.com\/index.php?rest_route=%2Fwp%2Fv2%2Fmedia&parent=22383"}],"wp:term":[{"taxonomy":"category","embeddable":true,"href":"https:\/\/entretormentas.com\/index.php?rest_route=%2Fwp%2Fv2%2Fcategories&post=22383"},{"taxonomy":"post_tag","embeddable":true,"href":"https:\/\/entretormentas.com\/index.php?rest_route=%2Fwp%2Fv2%2Ftags&post=22383"}],"curies":[{"name":"wp","href":"https:\/\/api.w.org\/{rel}","templated":true}]}}