{"id":22387,"date":"2025-09-25T04:12:39","date_gmt":"2025-09-25T08:12:39","guid":{"rendered":"https:\/\/entretormentas.com\/?p=22387"},"modified":"2025-09-25T04:12:40","modified_gmt":"2025-09-25T08:12:40","slug":"en-maracaibo-gobernador-entrega-22-unidades-para-la-recoleccion-de-basura-de-10-parroquias","status":"publish","type":"post","link":"https:\/\/entretormentas.com\/en-maracaibo-gobernador-entrega-22-unidades-para-la-recoleccion-de-basura-de-10-parroquias\/","title":{"rendered":"\u00a1EN MARACAIBO! Gobernador entrega 22 unidades para la recolecci\u00f3n de basura de 10 parroquias"},"content":{"rendered":"\n<p><strong>ENTRE TORMENTAS.<\/strong> Con capacidad de recolecci\u00f3n de 850 toneladas diarias de basura o desechos s\u00f3lidos en parroquias de Maracaibo y San Francisco, fueron entregadas 22 unidades compactadoras, como parte del Plan de Saneamiento Ambiental impulsado por la Gobernaci\u00f3n del Zulia, en conjunto con los gobiernos locales de esas dos municipalidades, el Gobierno Nacional del presidente Nicol\u00e1s Maduro y el gobierno comunal.<\/p>\n\n\n\n<p>Desde el Distribuidor Maisanta, ubicado en el oeste de la capital zuliana, el gobernador del Zulia, Luis Caldera, hizo la entrega formal de estos camiones que desde este mi\u00e9rcoles 24 de septiembre atender\u00e1 10 parroquias, en un cronograma establecido por el Instituto Municipal del Aseo Urbano (Imau) en coordinaci\u00f3n con las Salas de Autogobierno Comunal.<\/p>\n\n\n\n<figure class=\"wp-block-image size-large\"><img fetchpriority=\"high\" decoding=\"async\" width=\"1024\" height=\"683\" src=\"https:\/\/entretormentas.com\/wp-content\/uploads\/2025\/09\/compacto2-1024x683.jpeg\" alt=\"\" class=\"wp-image-22388\" srcset=\"https:\/\/entretormentas.com\/wp-content\/uploads\/2025\/09\/compacto2-1024x683.jpeg 1024w, https:\/\/entretormentas.com\/wp-content\/uploads\/2025\/09\/compacto2-300x200.jpeg 300w, https:\/\/entretormentas.com\/wp-content\/uploads\/2025\/09\/compacto2-768x512.jpeg 768w, https:\/\/entretormentas.com\/wp-content\/uploads\/2025\/09\/compacto2.jpeg 1280w\" sizes=\"(max-width: 1024px) 100vw, 1024px\" \/><\/figure>\n\n\n\n<p>\u201cSon 22 camiones que desde hoy salen a las calles de Maracaibo para atender distintas parroquias con capacidad de recolecci\u00f3n de 850 toneladas diarias de desechos s\u00f3lidos; as\u00ed como en las rutas especiales para la red hospitalaria\u201d, manifest\u00f3 el gobernador al puntualizar que se prev\u00e9 la recolecci\u00f3n mensual de 25 mil toneladas.<\/p>\n\n\n\n<p>Las rutas con las nuevas unidades, que ser\u00e1n vigiladas por sistema de posicionamiento global y contar\u00e1n con sistema de radios port\u00e1tiles para el comando y control de las operaciones, est\u00e1n cumpliendo funciones en las parroquias Venancio Pulgar, Antonio Borjas Romero, San Isidro, Ra\u00fal Leoni, Francisco Eugenio Bustamante, Idelfonso V\u00e1squez, Olegario Villalobos, Juan de \u00c1vila, Cacique Mara y Cecilio Acosta.<\/p>\n\n\n\n<p>El mandatario zuliano dio a conocer que desde la Gobernaci\u00f3n se constituy\u00f3 la ruta de servicios especiales a centros de salud, entre los que cuentan los hospitales de Ni\u00f1os de Veritas, Seguro de Veritas, Central Dr. Urquinaona, Chiquinquir\u00e1, de la Polic\u00eda Dr. Regulo Pachano A\u00f1ez, Militar de Maracaibo, de Especialidades Pedi\u00e1tricas y Coromoto; tambi\u00e9n el Oncol\u00f3gico Dr. Humberto Fern\u00e1ndez Mor\u00e1n, la Maternidad Dr. Armando Castillo y el Materno Cuatricentenario.<\/p>\n\n\n\n<figure class=\"wp-block-image size-large\"><img decoding=\"async\" width=\"1024\" height=\"683\" src=\"https:\/\/entretormentas.com\/wp-content\/uploads\/2025\/09\/compacto3-1024x683.jpeg\" alt=\"\" class=\"wp-image-22389\" srcset=\"https:\/\/entretormentas.com\/wp-content\/uploads\/2025\/09\/compacto3-1024x683.jpeg 1024w, https:\/\/entretormentas.com\/wp-content\/uploads\/2025\/09\/compacto3-300x200.jpeg 300w, https:\/\/entretormentas.com\/wp-content\/uploads\/2025\/09\/compacto3-768x512.jpeg 768w, https:\/\/entretormentas.com\/wp-content\/uploads\/2025\/09\/compacto3.jpeg 1280w\" sizes=\"(max-width: 1024px) 100vw, 1024px\" \/><\/figure>\n\n\n\n<p>Con la entrega de los camiones de recolecci\u00f3n, el gobernador Caldera anunci\u00f3 la creaci\u00f3n de la Empresa Social Indirecta Maracaibo, conformada por m\u00e1s 800 consejos comunales del oeste de Maracaibo, la cual trabajar\u00e1 en conjunto con los gobiernos nacional, regional y municipal en el saneamiento y recolecci\u00f3n de desechos s\u00f3lidos de la zona.<\/p>\n\n\n\n<p>\u201cEste es un hecho novedoso, el pueblo ejerciendo la gobernanza\u201d, expres\u00f3 al tiempo de explicar que hay un personal que estar\u00e1 de mano con las comunas en esta labor que responde a las Agendas Concreta de Acci\u00f3n y el mapa de sue\u00f1os y soluciones.<\/p>\n\n\n\n<p>El gobernador estuvo acompa\u00f1ado por el director de Servicios p\u00fablicos y presidente del Instituto Municipal de Aseo Urbano de Maracaibo, Joemel Robles, representantes del Ministerio de las Comunas y el Poder Popular.<br><strong><em>ET \/ Nota de Prensa<\/em><\/strong><\/p>\n\n\n\n<p><\/p>\n","protected":false},"excerpt":{"rendered":"<p>ENTRE TORMENTAS. Con capacidad de recolecci\u00f3n de 850 toneladas diarias de basura o desechos s\u00f3lidos&#8230;<\/p>\n","protected":false},"author":2,"featured_media":22390,"comment_status":"closed","ping_status":"open","sticky":false,"template":"","format":"standard","meta":{"footnotes":""},"categories":[57,1],"tags":[],"class_list":["post-22387","post","type-post","status-publish","format-standard","has-post-thumbnail","hentry","category-actualidad","category-regionales"],"_links":{"self":[{"href":"https:\/\/entretormentas.com\/index.php?rest_route=\/wp\/v2\/posts\/22387","targetHints":{"allow":["GET"]}}],"collection":[{"href":"https:\/\/entretormentas.com\/index.php?rest_route=\/wp\/v2\/posts"}],"about":[{"href":"https:\/\/entretormentas.com\/index.php?rest_route=\/wp\/v2\/types\/post"}],"author":[{"embeddable":true,"href":"https:\/\/entretormentas.com\/index.php?rest_route=\/wp\/v2\/users\/2"}],"replies":[{"embeddable":true,"href":"https:\/\/entretormentas.com\/index.php?rest_route=%2Fwp%2Fv2%2Fcomments&post=22387"}],"version-history":[{"count":1,"href":"https:\/\/entretormentas.com\/index.php?rest_route=\/wp\/v2\/posts\/22387\/revisions"}],"predecessor-version":[{"id":22391,"href":"https:\/\/entretormentas.com\/index.php?rest_route=\/wp\/v2\/posts\/22387\/revisions\/22391"}],"wp:featuredmedia":[{"embeddable":true,"href":"https:\/\/entretormentas.com\/index.php?rest_route=\/wp\/v2\/media\/22390"}],"wp:attachment":[{"href":"https:\/\/entretormentas.com\/index.php?rest_route=%2Fwp%2Fv2%2Fmedia&parent=22387"}],"wp:term":[{"taxonomy":"category","embeddable":true,"href":"https:\/\/entretormentas.com\/index.php?rest_route=%2Fwp%2Fv2%2Fcategories&post=22387"},{"taxonomy":"post_tag","embeddable":true,"href":"https:\/\/entretormentas.com\/index.php?rest_route=%2Fwp%2Fv2%2Ftags&post=22387"}],"curies":[{"name":"wp","href":"https:\/\/api.w.org\/{rel}","templated":true}]}}