{"id":22392,"date":"2025-09-25T04:16:42","date_gmt":"2025-09-25T08:16:42","guid":{"rendered":"https:\/\/entretormentas.com\/?p=22392"},"modified":"2025-09-25T04:16:43","modified_gmt":"2025-09-25T08:16:43","slug":"autoridades-reportan-no-hubo-danos-graves-en-maracaibo-tras-el-temblor","status":"publish","type":"post","link":"https:\/\/entretormentas.com\/autoridades-reportan-no-hubo-danos-graves-en-maracaibo-tras-el-temblor\/","title":{"rendered":"AUTORIDADES REPORTAN: \u201cNo hubo da\u00f1os graves en Maracaibo tras el temblor\u201d"},"content":{"rendered":"\n<p><strong>ENTRE TORMENTAS.<\/strong> Un movimiento s\u00edsmico de magnitud preliminar entre 6.0 y 6.3, seg\u00fan escala de Richter<br>se registr\u00f3 este martes 24 de septiembre a las 6:21 p. m., siendo percibido con fuerza en la ciudad de Maracaibo, as\u00ed como en los estados Falc\u00f3n, Lara, Distrito Capital, Yaracuy, Portuguesa y Trujillo, adem\u00e1s de algunas zonas de Colombia.<\/p>\n\n\n\n<p>El primer comandante del Cuerpo de Bomberos de Maracaibo, Engelbert Atencio, inform\u00f3 que no se registran da\u00f1os de gravedad ni hechos que lamentar.<\/p>\n\n\n\n<p>Precis\u00f3 que por instrucciones del alcalde de Maracaibo, Giancarlo Di Martino \u201cYa nuestros equipos se encuentran en la calle atentos a cualquier reporte para dar una respuesta inmediata\u201d, asegur\u00f3.<\/p>\n\n\n\n<figure class=\"wp-block-image size-large\"><img fetchpriority=\"high\" decoding=\"async\" width=\"1024\" height=\"657\" src=\"https:\/\/entretormentas.com\/wp-content\/uploads\/2025\/09\/autosismo2-1024x657.jpeg\" alt=\"\" class=\"wp-image-22394\" srcset=\"https:\/\/entretormentas.com\/wp-content\/uploads\/2025\/09\/autosismo2-1024x657.jpeg 1024w, https:\/\/entretormentas.com\/wp-content\/uploads\/2025\/09\/autosismo2-300x193.jpeg 300w, https:\/\/entretormentas.com\/wp-content\/uploads\/2025\/09\/autosismo2-768x493.jpeg 768w, https:\/\/entretormentas.com\/wp-content\/uploads\/2025\/09\/autosismo2.jpeg 1080w\" sizes=\"(max-width: 1024px) 100vw, 1024px\" \/><\/figure>\n\n\n\n<p>Hasta el momento, el \u00fanico incidente reportado fue un peque\u00f1o colapso estructural en la Iglesia Santa B\u00e1rbara, donde la cruz de la aguja del campanario norte se cay\u00f3, por el impacto del temblor, hasta el lugar lleg\u00f3 de inmediato una unidad con funcionarios bomberiles para atender la situaci\u00f3n.<\/p>\n\n\n\n<p>El comandante Atencio destac\u00f3 que, pese a que el temblor fue sentido en toda la ciudad, no se han recibido llamadas de emergencias ni reportes a trav\u00e9s del 911 ni del centro de operaciones.<\/p>\n\n\n\n<p>Por su parte, el director de Seguridad Ciudadana de la Alcald\u00eda de Maracaibo, comisario Jos\u00e9 Primera, hizo un llamado a la calma y tranquilidad de la poblaci\u00f3n, recordando que los organismos de seguridad y rescate se mantienen en alerta y preparados para responder a cualquier eventualidad.<\/p>\n\n\n\n<p>\u201cEstamos recibiendo instrucciones de nuestro gobernador Luis Caldera y alcalde Giancarlo Di Martino para apoyar ante cualquier evento que se pueda presentar.<br>\u00abPedimos a la ciudadan\u00eda si advierte alguna eventualidad la comuniquen de inmediato al 911\u201d, subray\u00f3 Primera.<br><strong><em>ET \/ Prensa Alcald\u00eda de Maracaibo<\/em><\/strong><\/p>\n","protected":false},"excerpt":{"rendered":"<p>ENTRE TORMENTAS. Un movimiento s\u00edsmico de magnitud preliminar entre 6.0 y 6.3, seg\u00fan escala de&#8230;<\/p>\n","protected":false},"author":2,"featured_media":22395,"comment_status":"closed","ping_status":"open","sticky":false,"template":"","format":"standard","meta":{"footnotes":""},"categories":[57,1],"tags":[],"class_list":["post-22392","post","type-post","status-publish","format-standard","has-post-thumbnail","hentry","category-actualidad","category-regionales"],"_links":{"self":[{"href":"https:\/\/entretormentas.com\/index.php?rest_route=\/wp\/v2\/posts\/22392","targetHints":{"allow":["GET"]}}],"collection":[{"href":"https:\/\/entretormentas.com\/index.php?rest_route=\/wp\/v2\/posts"}],"about":[{"href":"https:\/\/entretormentas.com\/index.php?rest_route=\/wp\/v2\/types\/post"}],"author":[{"embeddable":true,"href":"https:\/\/entretormentas.com\/index.php?rest_route=\/wp\/v2\/users\/2"}],"replies":[{"embeddable":true,"href":"https:\/\/entretormentas.com\/index.php?rest_route=%2Fwp%2Fv2%2Fcomments&post=22392"}],"version-history":[{"count":1,"href":"https:\/\/entretormentas.com\/index.php?rest_route=\/wp\/v2\/posts\/22392\/revisions"}],"predecessor-version":[{"id":22396,"href":"https:\/\/entretormentas.com\/index.php?rest_route=\/wp\/v2\/posts\/22392\/revisions\/22396"}],"wp:featuredmedia":[{"embeddable":true,"href":"https:\/\/entretormentas.com\/index.php?rest_route=\/wp\/v2\/media\/22395"}],"wp:attachment":[{"href":"https:\/\/entretormentas.com\/index.php?rest_route=%2Fwp%2Fv2%2Fmedia&parent=22392"}],"wp:term":[{"taxonomy":"category","embeddable":true,"href":"https:\/\/entretormentas.com\/index.php?rest_route=%2Fwp%2Fv2%2Fcategories&post=22392"},{"taxonomy":"post_tag","embeddable":true,"href":"https:\/\/entretormentas.com\/index.php?rest_route=%2Fwp%2Fv2%2Ftags&post=22392"}],"curies":[{"name":"wp","href":"https:\/\/api.w.org\/{rel}","templated":true}]}}