{"id":22397,"date":"2025-09-25T04:21:30","date_gmt":"2025-09-25T08:21:30","guid":{"rendered":"https:\/\/entretormentas.com\/?p=22397"},"modified":"2025-09-25T04:21:31","modified_gmt":"2025-09-25T08:21:31","slug":"luis-caldera-sistema-nacional-de-gestion-de-riesgos-se-activo-para-evaluar-danos-estructurales-tras-sismo","status":"publish","type":"post","link":"https:\/\/entretormentas.com\/luis-caldera-sistema-nacional-de-gestion-de-riesgos-se-activo-para-evaluar-danos-estructurales-tras-sismo\/","title":{"rendered":"LUIS CALDERA: \u00abSistema Nacional de Gesti\u00f3n de Riesgos se activ\u00f3 para evaluar da\u00f1os estructurales tras sismo\u00bb"},"content":{"rendered":"\n<p><strong>ENTRE TORMENTAS.<\/strong> El Gobernador del estado Zulia, Luis Caldera, a las 10:30 pm de este mi\u00e9rcoles 24 de septiembre, dio un mensaje a los zulianos desde el centro hist\u00f3rico de la ciudad de Maracaibo, para compartir la gratitud a Dios, ya que \u201cante este movimiento s\u00edsmico con epicentro en el municipio Baralt, no tenemos ni v\u00edctimas, ni heridos\u201d.<\/p>\n\n\n\n<p>Caldera inform\u00f3 que se activ\u00f3 el Sistema Nacional de Gesti\u00f3n de Riesgos con los 19 cuerpos de bomberos, las 21 direcciones de protecci\u00f3n civil, y todos los cuerpos de seguridad del Estado, recorriendo las calles llevando un mensaje de tranquilidad, y evaluando los da\u00f1os estructurales que al momento han sido reportados.<\/p>\n\n\n\n<figure class=\"wp-block-image size-large\"><img fetchpriority=\"high\" decoding=\"async\" width=\"1024\" height=\"746\" src=\"https:\/\/entretormentas.com\/wp-content\/uploads\/2025\/09\/lcestado2-1024x746.jpeg\" alt=\"\" class=\"wp-image-22398\" srcset=\"https:\/\/entretormentas.com\/wp-content\/uploads\/2025\/09\/lcestado2-1024x746.jpeg 1024w, https:\/\/entretormentas.com\/wp-content\/uploads\/2025\/09\/lcestado2-300x219.jpeg 300w, https:\/\/entretormentas.com\/wp-content\/uploads\/2025\/09\/lcestado2-768x560.jpeg 768w, https:\/\/entretormentas.com\/wp-content\/uploads\/2025\/09\/lcestado2.jpeg 1179w\" sizes=\"(max-width: 1024px) 100vw, 1024px\" \/><\/figure>\n\n\n\n<p>Asimismo inform\u00f3, que entre las afectaciones estructurales se encuentran el Hospital Luis Razetti de Pueblo Nuevo y el Puente de San Pedro, en el municipio Baralt; el Hospital de Santa B\u00e1rbara en el municipio Col\u00f3n, el Hospital General del Sur y la Iglesia Santa B\u00e1rbara que es patrimonio cultural del Zulia, en la ciudad de Maracaibo. Agreg\u00f3 que en las pr\u00f3ximas horas se estar\u00e1 recopilando la informaci\u00f3n de todas las afectaciones estructurales y actualizando el parte seg\u00fan las incidencias que reporte la poblaci\u00f3n.<\/p>\n\n\n\n<p>Se\u00f1al\u00f3 que tras la eventualidad el pueblo zuliano sale fortalecido, gracias a su consciencia, a sus oraciones y al gobierno bolivariano que dirige el presidente, Nicol\u00e1s Maduro Moros, que cuenta con un sistema nacional de gesti\u00f3n de riesgos, que est\u00e1 activo acompa\u00f1ando al pueblo zuliano en todo momento.<\/p>\n\n\n\n<figure class=\"wp-block-image size-large\"><img decoding=\"async\" width=\"1024\" height=\"743\" src=\"https:\/\/entretormentas.com\/wp-content\/uploads\/2025\/09\/lcestado3-1024x743.jpeg\" alt=\"\" class=\"wp-image-22399\" srcset=\"https:\/\/entretormentas.com\/wp-content\/uploads\/2025\/09\/lcestado3-1024x743.jpeg 1024w, https:\/\/entretormentas.com\/wp-content\/uploads\/2025\/09\/lcestado3-300x218.jpeg 300w, https:\/\/entretormentas.com\/wp-content\/uploads\/2025\/09\/lcestado3-768x557.jpeg 768w, https:\/\/entretormentas.com\/wp-content\/uploads\/2025\/09\/lcestado3.jpeg 1179w\" sizes=\"(max-width: 1024px) 100vw, 1024px\" \/><\/figure>\n\n\n\n<p>El gobernador del Zulia realiz\u00f3 el balance con el acompa\u00f1amiento del G\/D Javier Magallanes, jefe de la ZODI Zulia; el G\/B Jos\u00e9 Viloria, jefe del Comando Zonal de la GNB; del General Juan Gonz\u00e1lez, Dir, Nacional de Bomberos; el General Enyerbert Atencio, Comandante del Cuerpo de Bomberos de Maracaibo; Ram\u00f3n Mavarez, jefe de Protecci\u00f3n Civil; la polic\u00eda municipal de Maracaibo, la polic\u00eda del estado Zulia y el Soci\u00f3logo, Giovanny Villalobos, secretario de Cultura de la Gobernaci\u00f3n.<br><strong><em>ET \/ Nota de Prensa<\/em><\/strong><\/p>\n","protected":false},"excerpt":{"rendered":"<p>ENTRE TORMENTAS. El Gobernador del estado Zulia, Luis Caldera, a las 10:30 pm de este&#8230;<\/p>\n","protected":false},"author":2,"featured_media":22400,"comment_status":"closed","ping_status":"open","sticky":false,"template":"","format":"standard","meta":{"footnotes":""},"categories":[56,1],"tags":[],"class_list":["post-22397","post","type-post","status-publish","format-standard","has-post-thumbnail","hentry","category-destacadas","category-regionales"],"_links":{"self":[{"href":"https:\/\/entretormentas.com\/index.php?rest_route=\/wp\/v2\/posts\/22397","targetHints":{"allow":["GET"]}}],"collection":[{"href":"https:\/\/entretormentas.com\/index.php?rest_route=\/wp\/v2\/posts"}],"about":[{"href":"https:\/\/entretormentas.com\/index.php?rest_route=\/wp\/v2\/types\/post"}],"author":[{"embeddable":true,"href":"https:\/\/entretormentas.com\/index.php?rest_route=\/wp\/v2\/users\/2"}],"replies":[{"embeddable":true,"href":"https:\/\/entretormentas.com\/index.php?rest_route=%2Fwp%2Fv2%2Fcomments&post=22397"}],"version-history":[{"count":1,"href":"https:\/\/entretormentas.com\/index.php?rest_route=\/wp\/v2\/posts\/22397\/revisions"}],"predecessor-version":[{"id":22401,"href":"https:\/\/entretormentas.com\/index.php?rest_route=\/wp\/v2\/posts\/22397\/revisions\/22401"}],"wp:featuredmedia":[{"embeddable":true,"href":"https:\/\/entretormentas.com\/index.php?rest_route=\/wp\/v2\/media\/22400"}],"wp:attachment":[{"href":"https:\/\/entretormentas.com\/index.php?rest_route=%2Fwp%2Fv2%2Fmedia&parent=22397"}],"wp:term":[{"taxonomy":"category","embeddable":true,"href":"https:\/\/entretormentas.com\/index.php?rest_route=%2Fwp%2Fv2%2Fcategories&post=22397"},{"taxonomy":"post_tag","embeddable":true,"href":"https:\/\/entretormentas.com\/index.php?rest_route=%2Fwp%2Fv2%2Ftags&post=22397"}],"curies":[{"name":"wp","href":"https:\/\/api.w.org\/{rel}","templated":true}]}}