{"id":22402,"date":"2025-09-25T04:24:48","date_gmt":"2025-09-25T08:24:48","guid":{"rendered":"https:\/\/entretormentas.com\/?p=22402"},"modified":"2025-09-25T04:24:49","modified_gmt":"2025-09-25T08:24:49","slug":"para-mayores-de-18-anos-saime-anuncia-jornada-de-renovacion-de-cedula-sin-cita-los-dias-27-sep-y-4-oct","status":"publish","type":"post","link":"https:\/\/entretormentas.com\/para-mayores-de-18-anos-saime-anuncia-jornada-de-renovacion-de-cedula-sin-cita-los-dias-27-sep-y-4-oct\/","title":{"rendered":"\u00a1PARA MAYORES DE 18 A\u00d1OS! Saime anuncia jornada de renovaci\u00f3n de c\u00e9dula sin cita los d\u00edas 27-Sep y 4-Oct"},"content":{"rendered":"\n<p><strong>ENTRE TORMENTAS.<\/strong> El Servicio Administrativo de Identificaci\u00f3n, Migraci\u00f3n y Extranjer\u00eda (Saime) inform\u00f3 que los d\u00edas 27 de septiembre y el 4 de octubre de 2025, se realizar\u00e1 una jornada de renovaci\u00f3n de la c\u00e9dula de identidad, en todas sus oficinas del pa\u00eds.<\/p>\n\n\n\n<p>Asimismo, manifest\u00f3 en sus redes sociales que esta actividad es para personas mayores de 18 a\u00f1os y no ser\u00e1 necesario solicitar previamente la cita, a trav\u00e9s de su p\u00e1gina web, detalla Banca y Negocios.<\/p>\n\n\n\n<p>Destac\u00f3 que los ciudadanos solo deber\u00e1n presentarse en las oficinas de la instituci\u00f3n y el horario de atenci\u00f3n ser\u00e1 desde las 8.00 de la ma\u00f1ana hasta las 4.00 de la tarde.<br><strong><em>ET \/ Agencias<\/em><\/strong><\/p>\n","protected":false},"excerpt":{"rendered":"<p>ENTRE TORMENTAS. El Servicio Administrativo de Identificaci\u00f3n, Migraci\u00f3n y Extranjer\u00eda (Saime) inform\u00f3 que los d\u00edas&#8230;<\/p>\n","protected":false},"author":2,"featured_media":22403,"comment_status":"closed","ping_status":"open","sticky":false,"template":"","format":"standard","meta":{"footnotes":""},"categories":[56,49],"tags":[],"class_list":["post-22402","post","type-post","status-publish","format-standard","has-post-thumbnail","hentry","category-destacadas","category-nacionales"],"_links":{"self":[{"href":"https:\/\/entretormentas.com\/index.php?rest_route=\/wp\/v2\/posts\/22402","targetHints":{"allow":["GET"]}}],"collection":[{"href":"https:\/\/entretormentas.com\/index.php?rest_route=\/wp\/v2\/posts"}],"about":[{"href":"https:\/\/entretormentas.com\/index.php?rest_route=\/wp\/v2\/types\/post"}],"author":[{"embeddable":true,"href":"https:\/\/entretormentas.com\/index.php?rest_route=\/wp\/v2\/users\/2"}],"replies":[{"embeddable":true,"href":"https:\/\/entretormentas.com\/index.php?rest_route=%2Fwp%2Fv2%2Fcomments&post=22402"}],"version-history":[{"count":1,"href":"https:\/\/entretormentas.com\/index.php?rest_route=\/wp\/v2\/posts\/22402\/revisions"}],"predecessor-version":[{"id":22404,"href":"https:\/\/entretormentas.com\/index.php?rest_route=\/wp\/v2\/posts\/22402\/revisions\/22404"}],"wp:featuredmedia":[{"embeddable":true,"href":"https:\/\/entretormentas.com\/index.php?rest_route=\/wp\/v2\/media\/22403"}],"wp:attachment":[{"href":"https:\/\/entretormentas.com\/index.php?rest_route=%2Fwp%2Fv2%2Fmedia&parent=22402"}],"wp:term":[{"taxonomy":"category","embeddable":true,"href":"https:\/\/entretormentas.com\/index.php?rest_route=%2Fwp%2Fv2%2Fcategories&post=22402"},{"taxonomy":"post_tag","embeddable":true,"href":"https:\/\/entretormentas.com\/index.php?rest_route=%2Fwp%2Fv2%2Ftags&post=22402"}],"curies":[{"name":"wp","href":"https:\/\/api.w.org\/{rel}","templated":true}]}}