{"id":22405,"date":"2025-09-25T04:28:12","date_gmt":"2025-09-25T08:28:12","guid":{"rendered":"https:\/\/entretormentas.com\/?p=22405"},"modified":"2025-09-25T04:28:13","modified_gmt":"2025-09-25T08:28:13","slug":"delcy-rodriguez-en-el-pais-van-10-sismos-y-21-replicas-en-las-ultimas-siete-horas","status":"publish","type":"post","link":"https:\/\/entretormentas.com\/delcy-rodriguez-en-el-pais-van-10-sismos-y-21-replicas-en-las-ultimas-siete-horas\/","title":{"rendered":"DELCY RODR\u00cdGUEZ: \u00abEn el pa\u00eds van 10 sismos y 21 r\u00e9plicas en las \u00faltimas siete horas\u00bb"},"content":{"rendered":"\n<p><strong>ENTRE TORMENTAS. <\/strong>En horas de la madrugada de hoy jueves 25 de septiembre, Delcy Rodr\u00edguez, vicepresidenta de la Republica, manifest\u00f3 que se encuentra activa una falla tect\u00f3nica en el Occidente, lo cual origin\u00f3 21 r\u00e9plicas y 10 sismos con intensidades de fuerte a moderada..<\/p>\n\n\n\n<p>A trav\u00e9s de un contacto telef\u00f3nico, al canal del estado, Rodr\u00edguez ofreci\u00f3 un balance general de la situaci\u00f3n provocada en el pa\u00eds durante las \u00faltimas siete horas como consecuencia de sismos de fuerte y moderada intensidad.<\/p>\n\n\n\n<p>La vicepresidenta manifest\u00f3 que hasta los momentos se contabilizan 10 sismos con 21 replicas de entre 6.3 y 4.0 de magnitud.<\/p>\n\n\n\n<figure class=\"wp-block-image size-large\"><img fetchpriority=\"high\" decoding=\"async\" width=\"1024\" height=\"577\" src=\"https:\/\/entretormentas.com\/wp-content\/uploads\/2025\/09\/delsismo2-1024x577.jpeg\" alt=\"\" class=\"wp-image-22406\" srcset=\"https:\/\/entretormentas.com\/wp-content\/uploads\/2025\/09\/delsismo2-1024x577.jpeg 1024w, https:\/\/entretormentas.com\/wp-content\/uploads\/2025\/09\/delsismo2-300x169.jpeg 300w, https:\/\/entretormentas.com\/wp-content\/uploads\/2025\/09\/delsismo2-768x433.jpeg 768w, https:\/\/entretormentas.com\/wp-content\/uploads\/2025\/09\/delsismo2.jpeg 1104w\" sizes=\"(max-width: 1024px) 100vw, 1024px\" \/><\/figure>\n\n\n\n<p>\u00abDesde el mando presidencial, el presidente Nicol\u00e1s Maduro est\u00e1 en coordinaci\u00f3n con los gobernadores y alcaldes implicados en la falla tect\u00f3nica que est\u00e1 activa en el occidente del pa\u00eds\u00bb, coment\u00f3.<\/p>\n\n\n\n<p>Dijo adem\u00e1s que se activ\u00f3 el Sistema de Prevenci\u00f3n y Gesti\u00f3n de Riesgo en atenci\u00f3n a la enjambre sismol\u00f3gico que se evidencia en el occidente del pa\u00eds.<\/p>\n\n\n\n<p>\u00abLos funcionarios de los organismos de seguridad est\u00e1n desplegados en los estados del pa\u00eds, para atender cualquier eventualidad\u00bb, dijo.<br><strong><em>ET \/ Agencias<\/em><\/strong><\/p>\n","protected":false},"excerpt":{"rendered":"<p>ENTRE TORMENTAS. En horas de la madrugada de hoy jueves 25 de septiembre, Delcy Rodr\u00edguez,&#8230;<\/p>\n","protected":false},"author":2,"featured_media":22407,"comment_status":"closed","ping_status":"open","sticky":false,"template":"","format":"standard","meta":{"footnotes":""},"categories":[56,49],"tags":[],"class_list":["post-22405","post","type-post","status-publish","format-standard","has-post-thumbnail","hentry","category-destacadas","category-nacionales"],"_links":{"self":[{"href":"https:\/\/entretormentas.com\/index.php?rest_route=\/wp\/v2\/posts\/22405","targetHints":{"allow":["GET"]}}],"collection":[{"href":"https:\/\/entretormentas.com\/index.php?rest_route=\/wp\/v2\/posts"}],"about":[{"href":"https:\/\/entretormentas.com\/index.php?rest_route=\/wp\/v2\/types\/post"}],"author":[{"embeddable":true,"href":"https:\/\/entretormentas.com\/index.php?rest_route=\/wp\/v2\/users\/2"}],"replies":[{"embeddable":true,"href":"https:\/\/entretormentas.com\/index.php?rest_route=%2Fwp%2Fv2%2Fcomments&post=22405"}],"version-history":[{"count":1,"href":"https:\/\/entretormentas.com\/index.php?rest_route=\/wp\/v2\/posts\/22405\/revisions"}],"predecessor-version":[{"id":22408,"href":"https:\/\/entretormentas.com\/index.php?rest_route=\/wp\/v2\/posts\/22405\/revisions\/22408"}],"wp:featuredmedia":[{"embeddable":true,"href":"https:\/\/entretormentas.com\/index.php?rest_route=\/wp\/v2\/media\/22407"}],"wp:attachment":[{"href":"https:\/\/entretormentas.com\/index.php?rest_route=%2Fwp%2Fv2%2Fmedia&parent=22405"}],"wp:term":[{"taxonomy":"category","embeddable":true,"href":"https:\/\/entretormentas.com\/index.php?rest_route=%2Fwp%2Fv2%2Fcategories&post=22405"},{"taxonomy":"post_tag","embeddable":true,"href":"https:\/\/entretormentas.com\/index.php?rest_route=%2Fwp%2Fv2%2Ftags&post=22405"}],"curies":[{"name":"wp","href":"https:\/\/api.w.org\/{rel}","templated":true}]}}