{"id":22421,"date":"2025-09-26T04:30:25","date_gmt":"2025-09-26T08:30:25","guid":{"rendered":"https:\/\/entretormentas.com\/?p=22421"},"modified":"2025-09-26T04:30:26","modified_gmt":"2025-09-26T08:30:26","slug":"en-san-francisco-siribsur-realiza-taller-de-sensibilizacion-sobre-trastorno-del-espectro-autista-tea","status":"publish","type":"post","link":"https:\/\/entretormentas.com\/en-san-francisco-siribsur-realiza-taller-de-sensibilizacion-sobre-trastorno-del-espectro-autista-tea\/","title":{"rendered":"\u00a1EN SAN FRANCISCO! Siribsur realiza taller de sensibilizaci\u00f3n sobre Trastorno del Espectro Autista (TEA)"},"content":{"rendered":"\n<p><strong>ENTRE TORMENTAS.<\/strong> En el auditorio \u00abChavez Vivo\u00bb de la Alcald\u00eda de San Francisco se desarroll\u00f3 este jueves el taller \u201cAutismo: Comprender para acompa\u00f1ar\u201d, dirigido al personal de Siribsur, docentes, miembros de la Unidad de Atenci\u00f3n a las Personas con Discapacidad (UAPD), as\u00ed como a padres y representantes de la instituci\u00f3n. La actividad fue organizada por la coordinaci\u00f3n de Trabajo Social de Siribsur, con el objetivo de ofrecer herramientas b\u00e1sicas para el acompa\u00f1amiento de personas con Trastorno del Espectro Autista (TEA).<\/p>\n\n\n\n<p>La formaci\u00f3n estuvo a cargo de Mar\u00eda Eugenia Espinoza, especialista en el \u00e1rea, quien abord\u00f3 aspectos relacionados con la diagnosis, el acompa\u00f1amiento familiar y las diferencias entre los distintos grados del espectro. Al cierre, se abri\u00f3 un espacio para responder inquietudes de los asistentes, orientado a mejorar el trato hacia personas con condiciones especiales.<\/p>\n\n\n\n<figure class=\"wp-block-image size-large\"><img fetchpriority=\"high\" decoding=\"async\" width=\"1024\" height=\"640\" src=\"https:\/\/entretormentas.com\/wp-content\/uploads\/2025\/09\/sirib2-1024x640.jpeg\" alt=\"\" class=\"wp-image-22422\" srcset=\"https:\/\/entretormentas.com\/wp-content\/uploads\/2025\/09\/sirib2-1024x640.jpeg 1024w, https:\/\/entretormentas.com\/wp-content\/uploads\/2025\/09\/sirib2-300x188.jpeg 300w, https:\/\/entretormentas.com\/wp-content\/uploads\/2025\/09\/sirib2-768x480.jpeg 768w, https:\/\/entretormentas.com\/wp-content\/uploads\/2025\/09\/sirib2-1536x960.jpeg 1536w, https:\/\/entretormentas.com\/wp-content\/uploads\/2025\/09\/sirib2-2048x1280.jpeg 2048w, https:\/\/entretormentas.com\/wp-content\/uploads\/2025\/09\/sirib2-800x500.jpeg 800w, https:\/\/entretormentas.com\/wp-content\/uploads\/2025\/09\/sirib2-400x250.jpeg 400w\" sizes=\"(max-width: 1024px) 100vw, 1024px\" \/><\/figure>\n\n\n\n<p>Durante su intervenci\u00f3n, Espinoza enfatiz\u00f3 que \u201cla detecci\u00f3n temprana es clave para garantizar una buena integraci\u00f3n social y una vida digna para las personas con autismo\u201d. Asimismo, se\u00f1al\u00f3 que \u201ces fundamental comprender que cada grado del espectro tiene necesidades particulares, y que el conocimiento de esas diferencias permite ofrecer un acompa\u00f1amiento m\u00e1s justo y efectivo\u201d. A\u00f1adi\u00f3 adem\u00e1s: \u201cMe siento muy complacida con esta actividad y agradecida con el alcalde H\u00e9ctor Soto por la apertura de este espacio a trav\u00e9s de Siribsur. Creo firmemente que este trabajo que estamos haciendo con el tiempo dar\u00e1 resultado en aceptaci\u00f3n, integraci\u00f3n y comprensi\u00f3n de lo que es una persona con autismo en la sociedad\u201d.<\/p>\n\n\n\n<p>La jornada cont\u00f3 con el respaldo de la Misi\u00f3n Jos\u00e9 Gregorio Hern\u00e1ndez, Conapdis, Fundaci\u00f3n Proyecto Expresiones y la Alcald\u00eda Bolivariana de San Francisco. La Lcda. Karellys Aguirre, directora de Siribsur, reiter\u00f3 el compromiso institucional de seguir promoviendo espacios formativos que fortalezcan una cultura de inclusi\u00f3n, respeto y atenci\u00f3n digna hacia las personas con discapacidad.<\/p>\n\n\n\n<p>Con iniciativas como esta, Siribsur y la Alcald\u00eda de San Francisco avanzan en la construcci\u00f3n de un municipio m\u00e1s justo, consciente y preparado para acompa\u00f1ar con sensibilidad y conocimiento a quienes forman parte del espectro autista, reafirmando que la inclusi\u00f3n comienza con la formaci\u00f3n.<br><strong><em>ET \/ Prensa Alcald\u00eda de San Francisco<\/em><\/strong><\/p>\n\n\n\n<p><\/p>\n","protected":false},"excerpt":{"rendered":"<p>ENTRE TORMENTAS. En el auditorio \u00abChavez Vivo\u00bb de la Alcald\u00eda de San Francisco se desarroll\u00f3&#8230;<\/p>\n","protected":false},"author":2,"featured_media":22423,"comment_status":"closed","ping_status":"open","sticky":false,"template":"","format":"standard","meta":{"footnotes":""},"categories":[57,1],"tags":[],"class_list":["post-22421","post","type-post","status-publish","format-standard","has-post-thumbnail","hentry","category-actualidad","category-regionales"],"_links":{"self":[{"href":"https:\/\/entretormentas.com\/index.php?rest_route=\/wp\/v2\/posts\/22421","targetHints":{"allow":["GET"]}}],"collection":[{"href":"https:\/\/entretormentas.com\/index.php?rest_route=\/wp\/v2\/posts"}],"about":[{"href":"https:\/\/entretormentas.com\/index.php?rest_route=\/wp\/v2\/types\/post"}],"author":[{"embeddable":true,"href":"https:\/\/entretormentas.com\/index.php?rest_route=\/wp\/v2\/users\/2"}],"replies":[{"embeddable":true,"href":"https:\/\/entretormentas.com\/index.php?rest_route=%2Fwp%2Fv2%2Fcomments&post=22421"}],"version-history":[{"count":1,"href":"https:\/\/entretormentas.com\/index.php?rest_route=\/wp\/v2\/posts\/22421\/revisions"}],"predecessor-version":[{"id":22424,"href":"https:\/\/entretormentas.com\/index.php?rest_route=\/wp\/v2\/posts\/22421\/revisions\/22424"}],"wp:featuredmedia":[{"embeddable":true,"href":"https:\/\/entretormentas.com\/index.php?rest_route=\/wp\/v2\/media\/22423"}],"wp:attachment":[{"href":"https:\/\/entretormentas.com\/index.php?rest_route=%2Fwp%2Fv2%2Fmedia&parent=22421"}],"wp:term":[{"taxonomy":"category","embeddable":true,"href":"https:\/\/entretormentas.com\/index.php?rest_route=%2Fwp%2Fv2%2Fcategories&post=22421"},{"taxonomy":"post_tag","embeddable":true,"href":"https:\/\/entretormentas.com\/index.php?rest_route=%2Fwp%2Fv2%2Ftags&post=22421"}],"curies":[{"name":"wp","href":"https:\/\/api.w.org\/{rel}","templated":true}]}}