{"id":22429,"date":"2025-09-26T04:37:13","date_gmt":"2025-09-26T08:37:13","guid":{"rendered":"https:\/\/entretormentas.com\/?p=22429"},"modified":"2025-09-26T04:37:14","modified_gmt":"2025-09-26T08:37:14","slug":"en-el-zulia-san-francisco-se-consolida-como-territorio-clave-para-la-soberania-agroalimentaria","status":"publish","type":"post","link":"https:\/\/entretormentas.com\/en-el-zulia-san-francisco-se-consolida-como-territorio-clave-para-la-soberania-agroalimentaria\/","title":{"rendered":"\u00a1EN EL ZULIA! San Francisco se consolida como territorio clave para la soberan\u00eda agroalimentaria"},"content":{"rendered":"\n<p><strong>ENTRE TORMENTAS. <\/strong>En el marco del Plan Zulia Potencia Econ\u00f3mica, el municipio San Francisco fue escenario de una jornada estrat\u00e9gica que reafirma el compromiso del Gobierno Bolivariano con la transformaci\u00f3n productiva del estado. A trav\u00e9s del Instituto de Desarrollo y Financiamiento Agropecuario del Estado Zulia (IDFAEZ), se entregaron herramientas, planes productivos y financiamiento a productores locales, fortaleciendo el tejido agroalimentario desde el territorio.<\/p>\n\n\n\n<p>El acto, que se llev\u00f3 a cabo en la sede el Consorcio Empresarial T\u00edo Pollo, estuvo encabezado por el gobernado del Zulia, Luis Caldera, acompa\u00f1ado por el alcalde y anfitri\u00f3n H\u00e9ctor Soto, junto a sus hom\u00f3logos revolucionarios, Roberto Soto (La Ca\u00f1ada de Urdaneta) y Carlos Colina (Jes\u00fas Enrique Lozada). Tambi\u00e9n participaron Miguel Flores, vicepresidente de Corpozulia; El\u00edas S\u00e1nchez, viceminstro de Agricultura Urbana; y Kiria Lara, presidente del Consorcio Empresarial T\u00edo Pollo. La jornada cont\u00f3 adem\u00e1s con la presencia de concejales de la patria y voceros del Poder Popular, entre ellos Maril Arrieta (CLAP), Marelis Garc\u00eda (Consejo de Campesinos de Cabimas) y Fernando Araujo (Consejo Nacional de Campesinos Ezequiel Zamora).<\/p>\n\n\n\n<figure class=\"wp-block-image size-full\"><img fetchpriority=\"high\" decoding=\"async\" width=\"750\" height=\"400\" src=\"https:\/\/entretormentas.com\/wp-content\/uploads\/2025\/09\/agrosur2.jpeg\" alt=\"\" class=\"wp-image-22430\" srcset=\"https:\/\/entretormentas.com\/wp-content\/uploads\/2025\/09\/agrosur2.jpeg 750w, https:\/\/entretormentas.com\/wp-content\/uploads\/2025\/09\/agrosur2-300x160.jpeg 300w\" sizes=\"(max-width: 750px) 100vw, 750px\" \/><\/figure>\n\n\n\n<p>Durante su intervenci\u00f3n, el alcalde de San Francisco, H\u00e9ctor Soto, destac\u00f3 que la soberan\u00eda agroalimentaria constituye una trinchera de resistencia frente a las grandes transnacionales. Subray\u00f3 que el nuevo modelo de siembra debe ser humano, sustentable y orientado al bienestar colectivo, en sinton\u00eda con el legado del Comandante Ch\u00e1vez y la visi\u00f3n del presidente Nicol\u00e1s Maduro.<\/p>\n\n\n\n<p>Un ejemplo concreto de este impulso productivo lo representa el Consorcio Empresarial T\u00edo Pollo, que en apenas un mes bajo gesti\u00f3n estatal increment\u00f3 su producci\u00f3n de 1.8 millones a 2.5 millones de huevos mensuales, con la meta de alcanzar los 3.5 millones en seis semanas. \u201cAliados se puede producir, se puede avanzar\u201d, afirm\u00f3 su presidenta, Kiria Lara, quien adem\u00e1s anunci\u00f3 la incorporaci\u00f3n de peque\u00f1os productores av\u00edcolas de Cabimas, Mara y La Ca\u00f1ada, cumpliendo instrucciones del gobernador.<\/p>\n\n\n\n<p>El Poder Popular tambi\u00e9n reafirm\u00f3 su protagonismo en esta ofensiva productiva. Marelis Garc\u00eda celebr\u00f3 la unidad del sector campesino y expres\u00f3 su disposici\u00f3n a competir con los estados llaneros. \u201cEl Zulia s\u00ed tiene potencia\u201d, asegur\u00f3. Por su parte, Maril Arrieta agradeci\u00f3 la convocatoria y pidi\u00f3 que el pueblo organizado siga siendo tomado en cuenta para impulsar la producci\u00f3n desde las bases.<\/p>\n\n\n\n<figure class=\"wp-block-image size-full\"><img decoding=\"async\" width=\"750\" height=\"400\" src=\"https:\/\/entretormentas.com\/wp-content\/uploads\/2025\/09\/agrosur3.jpeg\" alt=\"\" class=\"wp-image-22431\" srcset=\"https:\/\/entretormentas.com\/wp-content\/uploads\/2025\/09\/agrosur3.jpeg 750w, https:\/\/entretormentas.com\/wp-content\/uploads\/2025\/09\/agrosur3-300x160.jpeg 300w\" sizes=\"(max-width: 750px) 100vw, 750px\" \/><\/figure>\n\n\n\n<p>En representaci\u00f3n del Ejecutivo Nacional, el viceministro El\u00edas S\u00e1nchez transmiti\u00f3 el saludo del presidente Nicol\u00e1s Maduro y del ministro \u00c1ngel Prado, recordando que Venezuela, por su riqueza natural, es objeto de asedio constante. En este sentido, llam\u00f3 a fortalecer la agroecolog\u00eda y transformar el modelo productivo desde la propiedad social y la gesti\u00f3n comunal.<\/p>\n\n\n\n<p>La jornada concluy\u00f3 con el compromiso de seguir construyendo patria desde la tierra, la organizaci\u00f3n popular y el trabajo colectivo. San Francisco se afianza como territorio estrat\u00e9gico para el desarrollo de la nueva econom\u00eda productiva del Zulia.<br><strong><em>ET \/ Prensa Alcald\u00eda de San Francisco<\/em><\/strong><\/p>\n\n\n\n<p><\/p>\n","protected":false},"excerpt":{"rendered":"<p>ENTRE TORMENTAS. En el marco del Plan Zulia Potencia Econ\u00f3mica, el municipio San Francisco fue&#8230;<\/p>\n","protected":false},"author":2,"featured_media":22432,"comment_status":"closed","ping_status":"open","sticky":false,"template":"","format":"standard","meta":{"footnotes":""},"categories":[57,1],"tags":[],"class_list":["post-22429","post","type-post","status-publish","format-standard","has-post-thumbnail","hentry","category-actualidad","category-regionales"],"_links":{"self":[{"href":"https:\/\/entretormentas.com\/index.php?rest_route=\/wp\/v2\/posts\/22429","targetHints":{"allow":["GET"]}}],"collection":[{"href":"https:\/\/entretormentas.com\/index.php?rest_route=\/wp\/v2\/posts"}],"about":[{"href":"https:\/\/entretormentas.com\/index.php?rest_route=\/wp\/v2\/types\/post"}],"author":[{"embeddable":true,"href":"https:\/\/entretormentas.com\/index.php?rest_route=\/wp\/v2\/users\/2"}],"replies":[{"embeddable":true,"href":"https:\/\/entretormentas.com\/index.php?rest_route=%2Fwp%2Fv2%2Fcomments&post=22429"}],"version-history":[{"count":1,"href":"https:\/\/entretormentas.com\/index.php?rest_route=\/wp\/v2\/posts\/22429\/revisions"}],"predecessor-version":[{"id":22433,"href":"https:\/\/entretormentas.com\/index.php?rest_route=\/wp\/v2\/posts\/22429\/revisions\/22433"}],"wp:featuredmedia":[{"embeddable":true,"href":"https:\/\/entretormentas.com\/index.php?rest_route=\/wp\/v2\/media\/22432"}],"wp:attachment":[{"href":"https:\/\/entretormentas.com\/index.php?rest_route=%2Fwp%2Fv2%2Fmedia&parent=22429"}],"wp:term":[{"taxonomy":"category","embeddable":true,"href":"https:\/\/entretormentas.com\/index.php?rest_route=%2Fwp%2Fv2%2Fcategories&post=22429"},{"taxonomy":"post_tag","embeddable":true,"href":"https:\/\/entretormentas.com\/index.php?rest_route=%2Fwp%2Fv2%2Ftags&post=22429"}],"curies":[{"name":"wp","href":"https:\/\/api.w.org\/{rel}","templated":true}]}}