{"id":22438,"date":"2025-09-26T04:43:50","date_gmt":"2025-09-26T08:43:50","guid":{"rendered":"https:\/\/entretormentas.com\/?p=22438"},"modified":"2025-09-26T04:43:51","modified_gmt":"2025-09-26T08:43:51","slug":"en-la-av-el-milagro-reinaugurada-la-plaza-ana-maria-campos-por-la-alcaldia-de-maracaibo","status":"publish","type":"post","link":"https:\/\/entretormentas.com\/en-la-av-el-milagro-reinaugurada-la-plaza-ana-maria-campos-por-la-alcaldia-de-maracaibo\/","title":{"rendered":"\u00a1EN LA AV. EL MILAGRO! Reinaugurada la Plaza Ana Mar\u00eda Campos por la Alcald\u00eda de Maracaibo"},"content":{"rendered":"\n<p><strong>ENTRE TORMENTAS. <\/strong>La Alcald\u00eda de Maracaibo, a trav\u00e9s del Servicio Desconcentrado de Plazas y Parques (SEDEPAR), reinaugur\u00f3 la noche de este jueves 25 la plaza Ana Mar\u00eda Campos, tras realizar su rehabilitaci\u00f3n como parte del plan de recuperaci\u00f3n de espacios p\u00fablicos que promueve el encuentro ciudadano y el sano esparcimiento<\/p>\n\n\n\n<p>Ubicada en la avenida El Milagro, esta plaza vuelve a ser un punto de referencia para los marabinos tras la intervenci\u00f3n integral ejecutada por SEDEPAR. Esta entrega forma parte del plan de rehabilitaci\u00f3n de espacios p\u00fablicos impulsado por la Alcald\u00eda Bolivariana, con el objetivo de recuperar lugares que fortalecen el tejido social y promueven el disfrute familiar.<\/p>\n\n\n\n<p>El director de SEDEPAR, Namik Torres, inform\u00f3 que los trabajos realizados incluyeron la tala controlada, desraizamiento y poda de \u00e1rboles, garantizando la seguridad y salud vegetal del entorno; igualmente se llev\u00f3 a cabo la remoci\u00f3n y recuperaci\u00f3n de mobiliario urbano, as\u00ed como la construcci\u00f3n de nuevas aceras y brocales de concreto que mejoran la accesibilidad. Los pisos y paredes fueron revestidos con materiales resistentes y est\u00e9ticos, complementados con pintura general que aporta frescura y armon\u00eda visual.<\/p>\n\n\n\n<figure class=\"wp-block-image size-full\"><img fetchpriority=\"high\" decoding=\"async\" width=\"683\" height=\"468\" src=\"https:\/\/entretormentas.com\/wp-content\/uploads\/2025\/09\/plazaana3.jpeg\" alt=\"\" class=\"wp-image-22439\" srcset=\"https:\/\/entretormentas.com\/wp-content\/uploads\/2025\/09\/plazaana3.jpeg 683w, https:\/\/entretormentas.com\/wp-content\/uploads\/2025\/09\/plazaana3-300x206.jpeg 300w\" sizes=\"(max-width: 683px) 100vw, 683px\" \/><\/figure>\n\n\n\n<p>\u201cEl paisajismo tuvo un papel protag\u00f3nico en esta transformaci\u00f3n. Se sembraron especies ornamentales y se coloc\u00f3 grama japonesa, creando \u00e1reas verdes que invitan al descanso. Adem\u00e1s, se instal\u00f3 un sistema de riego automatizado que asegura el mantenimiento del ornato existente\u201d, destac\u00f3 Torres.<\/p>\n\n\n\n<p>Asimismo, inform\u00f3 que la plaza tambi\u00e9n cuenta ahora con luminarias LED de alta potencia, que mejoran la visibilidad nocturna y refuerzan la seguridad del lugar. Se restauraron esculturas y la placa conmemorativa, preservando su valor hist\u00f3rico adem\u00e1s de la instalaci\u00f3n de se\u00f1al\u00e9ticas.<\/p>\n\n\n\n<p>\u201cLa plaza Ana Mar\u00eda Campos es s\u00edmbolo de lucha y memoria. Hoy, con esta entrega, reafirmamos nuestro compromiso con una ciudad que se construye desde sus espacios comunes. Esta rehabilitaci\u00f3n no solo embellece, sino que devuelve a la gente un lugar para compartir\u201d, puntualiz\u00f3 Namik Torres.<\/p>\n\n\n\n<p>Con esta entrega, Maracaibo avanza hacia una ciudad m\u00e1s digna, donde cada rinc\u00f3n cuenta y cada esfuerzo suma para construir la primera ciudad de Venezuela.<br><strong><em>ET \/ Prensa Alcald\u00eda de Maracaibo<\/em><\/strong><\/p>\n\n\n\n<p><\/p>\n","protected":false},"excerpt":{"rendered":"<p>ENTRE TORMENTAS. La Alcald\u00eda de Maracaibo, a trav\u00e9s del Servicio Desconcentrado de Plazas y Parques&#8230;<\/p>\n","protected":false},"author":2,"featured_media":22440,"comment_status":"closed","ping_status":"open","sticky":false,"template":"","format":"standard","meta":{"footnotes":""},"categories":[57,1],"tags":[],"class_list":["post-22438","post","type-post","status-publish","format-standard","has-post-thumbnail","hentry","category-actualidad","category-regionales"],"_links":{"self":[{"href":"https:\/\/entretormentas.com\/index.php?rest_route=\/wp\/v2\/posts\/22438","targetHints":{"allow":["GET"]}}],"collection":[{"href":"https:\/\/entretormentas.com\/index.php?rest_route=\/wp\/v2\/posts"}],"about":[{"href":"https:\/\/entretormentas.com\/index.php?rest_route=\/wp\/v2\/types\/post"}],"author":[{"embeddable":true,"href":"https:\/\/entretormentas.com\/index.php?rest_route=\/wp\/v2\/users\/2"}],"replies":[{"embeddable":true,"href":"https:\/\/entretormentas.com\/index.php?rest_route=%2Fwp%2Fv2%2Fcomments&post=22438"}],"version-history":[{"count":1,"href":"https:\/\/entretormentas.com\/index.php?rest_route=\/wp\/v2\/posts\/22438\/revisions"}],"predecessor-version":[{"id":22441,"href":"https:\/\/entretormentas.com\/index.php?rest_route=\/wp\/v2\/posts\/22438\/revisions\/22441"}],"wp:featuredmedia":[{"embeddable":true,"href":"https:\/\/entretormentas.com\/index.php?rest_route=\/wp\/v2\/media\/22440"}],"wp:attachment":[{"href":"https:\/\/entretormentas.com\/index.php?rest_route=%2Fwp%2Fv2%2Fmedia&parent=22438"}],"wp:term":[{"taxonomy":"category","embeddable":true,"href":"https:\/\/entretormentas.com\/index.php?rest_route=%2Fwp%2Fv2%2Fcategories&post=22438"},{"taxonomy":"post_tag","embeddable":true,"href":"https:\/\/entretormentas.com\/index.php?rest_route=%2Fwp%2Fv2%2Ftags&post=22438"}],"curies":[{"name":"wp","href":"https:\/\/api.w.org\/{rel}","templated":true}]}}