{"id":22446,"date":"2025-09-26T04:52:26","date_gmt":"2025-09-26T08:52:26","guid":{"rendered":"https:\/\/entretormentas.com\/?p=22446"},"modified":"2025-09-26T04:52:28","modified_gmt":"2025-09-26T08:52:28","slug":"con-luis-caldera-al-frente-equipo-multidisciplinario-sigue-activo-en-la-atencion-y-evaluacion-de-afectaciones-por-sismos","status":"publish","type":"post","link":"https:\/\/entretormentas.com\/con-luis-caldera-al-frente-equipo-multidisciplinario-sigue-activo-en-la-atencion-y-evaluacion-de-afectaciones-por-sismos\/","title":{"rendered":"\u00a1CON LUIS CALDERA AL FRENTE! Equipo multidisciplinario sigue activo en la atenci\u00f3n y evaluaci\u00f3n de afectaciones por sismos"},"content":{"rendered":"\n<p><strong><em>El gobernador del Zulia coment\u00f3 que el municipio Baralt fue el m\u00e1s afectado, tanto en estructuras, electricidad y servicio de agua<\/em><\/strong><\/p>\n\n\n\n<p><strong>ENTRE TORMENTAS. <\/strong>Acompa\u00f1ado de su equipo de gobierno y de las instituciones que conforman el Sistema Nacional de Gesti\u00f3n de Riesgos, el gobernador del Zulia, Luis Caldera, y el comandante de la ZODI en la entidad, GD Javier Magallanes, ofrecieron la noche de este jueves, 25 de septiembre, un balance y las acciones que se desarrollan en la regi\u00f3n tras el enjambre s\u00edsmico ocurrido la tarde y noche de este mi\u00e9rcoles 24 y la madrugada de este jueves.<\/p>\n\n\n\n<p>Desde el sal\u00f3n de reuniones del Palacio de Los C\u00f3ndores, el mandatario regional resalt\u00f3 que se establecieron comisiones con equipos multidisciplinario de trabajo militar-policial-popular, junto a los niveles de gobierno, continuando con los reportes que realiza cada municipio con las alcald\u00eda, Protecci\u00f3n Civil y cuerpos bomberiles, mediante el sistema de Evaluaci\u00f3n de Da\u00f1os y An\u00e1lisis de Necesidades (EDAN).<\/p>\n\n\n\n<p>El comandante de la Zodi, GD Magallanes, inform\u00f3 que mil 600 efectivos de la Fuerza Armada Nacional Bolivariana (FANB), y todo el Sistema de Gesti\u00f3n de Riesgos est\u00e1n activos en un dispositivo para garantizar la tranquilidad de los zulianos.<\/p>\n\n\n\n<figure class=\"wp-block-image size-large\"><img fetchpriority=\"high\" decoding=\"async\" width=\"1024\" height=\"682\" src=\"https:\/\/entretormentas.com\/wp-content\/uploads\/2025\/09\/multi2-1024x682.jpeg\" alt=\"\" class=\"wp-image-22447\" srcset=\"https:\/\/entretormentas.com\/wp-content\/uploads\/2025\/09\/multi2-1024x682.jpeg 1024w, https:\/\/entretormentas.com\/wp-content\/uploads\/2025\/09\/multi2-300x200.jpeg 300w, https:\/\/entretormentas.com\/wp-content\/uploads\/2025\/09\/multi2-768x512.jpeg 768w, https:\/\/entretormentas.com\/wp-content\/uploads\/2025\/09\/multi2.jpeg 1280w\" sizes=\"(max-width: 1024px) 100vw, 1024px\" \/><\/figure>\n\n\n\n<p><strong>SALUD, ELECTRICIDAD Y AGUA<\/strong><br>El gobernador detall\u00f3 que, en materia de salud, el Hospital Dr. Luis Razetti del municipio Baralt tuvo da\u00f1os considerables, por lo que nueve pacientes fueron evacuados a dos Centros de Diagn\u00f3stico Integral (CDI); en el Hospital General el Sur fueron trasladados del piso cuatro de pediatr\u00eda a la emergencia ni\u00f1os con crisis de p\u00e1nico y en el Hospital Universitario de Maracaibo, 72 pacientes fueron bajados desde el piso seis para optimizar su atenci\u00f3n debido a la suspensi\u00f3n del uso de ascensores. Los servicios de los hospitales est\u00e1n activos en un 100%.<\/p>\n\n\n\n<p>En el tema de energ\u00eda el\u00e9ctrica, explic\u00f3 que el municipio m\u00e1s afectado fue Baralt, que qued\u00f3 la noche del mi\u00e9rcoles con un 90% sin electricidad, as\u00ed como el municipio Valmore Rodr\u00edguez, los cuales ya recuperaron en un 100% el servicio; mientras que en Maracaibo se registraron afectaciones en ocho circuitos que ya fueron restituidos.<\/p>\n\n\n\n<p>En lo referente al agua, en la subregi\u00f3n Costa Oriental del Lago, espec\u00edficamente en Baralt se registr\u00f3 da\u00f1os en la aducci\u00f3n El Venado y dos sistemas de acueductos rurales. En la aducci\u00f3n Bachaquero hubo afectaci\u00f3n en 1.5 kil\u00f3metros que fueron resueltos. El gobernador agreg\u00f3 en este tema que un equipo t\u00e9cnico se encuentra en Planta C revisando los sedimentadores y comparando el ingreso de las aguas, su tratamiento y despacho.<\/p>\n\n\n\n<figure class=\"wp-block-image size-large\"><img decoding=\"async\" width=\"1024\" height=\"683\" src=\"https:\/\/entretormentas.com\/wp-content\/uploads\/2025\/09\/multi3-1024x683.jpeg\" alt=\"\" class=\"wp-image-22448\" srcset=\"https:\/\/entretormentas.com\/wp-content\/uploads\/2025\/09\/multi3-1024x683.jpeg 1024w, https:\/\/entretormentas.com\/wp-content\/uploads\/2025\/09\/multi3-300x200.jpeg 300w, https:\/\/entretormentas.com\/wp-content\/uploads\/2025\/09\/multi3-768x512.jpeg 768w, https:\/\/entretormentas.com\/wp-content\/uploads\/2025\/09\/multi3.jpeg 1280w\" sizes=\"(max-width: 1024px) 100vw, 1024px\" \/><\/figure>\n\n\n\n<p><strong>VIALIDAD Y EDIFICACIONES<\/strong><br>En cuanto a la vialidad, el Ministerio del Poder Popular para las Aguas hizo una evaluaci\u00f3n al puente San Pedro y el puente Cagua que tuvieron da\u00f1os, y ejecut\u00f3 el despeje de la v\u00eda hacia Valmore Rodr\u00edguez, donde hubo derrumbe de baja intensidad que tapi\u00f3 la carretera.<\/p>\n\n\n\n<p>En la parte patrimonial, se suman las iglesias Santa B\u00e1rbara, la Catedral de Maracaibo y el Convento de San Francisco de As\u00eds, las tres ubicadas en el casco hist\u00f3ricos de Maracaibo que ser\u00e1n atendidas por un equipo de la gobernaci\u00f3n.<\/p>\n\n\n\n<p>Resalt\u00f3 la evaluaci\u00f3n del Puente GJ Rafael Urdaneta y del Puente sobre el r\u00edo Lim\u00f3n, con equipos de la Fuerza Armada Nacional Bolivariana (FANB); as\u00ed como el despliegue de otra unidad de Petr\u00f3leos de Venezuela (PDVSA), que comprob\u00f3 el perfecto estado del dique en la Costa Oriental del Lago. \u201cEl dique est\u00e1 en perfecto estado y la producci\u00f3n petrolera est\u00e1 activa al 100%\u201d, destac\u00f3.<\/p>\n\n\n\n<p>Asimismo, sostuvo que hubo reportes de problemas en paredes de edificaciones privadas y una situaci\u00f3n en dos palafitos en la poblaci\u00f3n Nazaret del municipio Mara. Agreg\u00f3 que 15 escuelas entre nacionales, regionales y privadas han sido reportadas y que a nivel regional las clases no est\u00e1n suspendidas.<br><strong><em>ET \/ Nota de Prensa<\/em><\/strong><\/p>\n\n\n\n<p><\/p>\n","protected":false},"excerpt":{"rendered":"<p>El gobernador del Zulia coment\u00f3 que el municipio Baralt fue el m\u00e1s afectado, tanto en&#8230;<\/p>\n","protected":false},"author":2,"featured_media":22449,"comment_status":"closed","ping_status":"open","sticky":false,"template":"","format":"standard","meta":{"footnotes":""},"categories":[56,1],"tags":[],"class_list":["post-22446","post","type-post","status-publish","format-standard","has-post-thumbnail","hentry","category-destacadas","category-regionales"],"_links":{"self":[{"href":"https:\/\/entretormentas.com\/index.php?rest_route=\/wp\/v2\/posts\/22446","targetHints":{"allow":["GET"]}}],"collection":[{"href":"https:\/\/entretormentas.com\/index.php?rest_route=\/wp\/v2\/posts"}],"about":[{"href":"https:\/\/entretormentas.com\/index.php?rest_route=\/wp\/v2\/types\/post"}],"author":[{"embeddable":true,"href":"https:\/\/entretormentas.com\/index.php?rest_route=\/wp\/v2\/users\/2"}],"replies":[{"embeddable":true,"href":"https:\/\/entretormentas.com\/index.php?rest_route=%2Fwp%2Fv2%2Fcomments&post=22446"}],"version-history":[{"count":1,"href":"https:\/\/entretormentas.com\/index.php?rest_route=\/wp\/v2\/posts\/22446\/revisions"}],"predecessor-version":[{"id":22450,"href":"https:\/\/entretormentas.com\/index.php?rest_route=\/wp\/v2\/posts\/22446\/revisions\/22450"}],"wp:featuredmedia":[{"embeddable":true,"href":"https:\/\/entretormentas.com\/index.php?rest_route=\/wp\/v2\/media\/22449"}],"wp:attachment":[{"href":"https:\/\/entretormentas.com\/index.php?rest_route=%2Fwp%2Fv2%2Fmedia&parent=22446"}],"wp:term":[{"taxonomy":"category","embeddable":true,"href":"https:\/\/entretormentas.com\/index.php?rest_route=%2Fwp%2Fv2%2Fcategories&post=22446"},{"taxonomy":"post_tag","embeddable":true,"href":"https:\/\/entretormentas.com\/index.php?rest_route=%2Fwp%2Fv2%2Ftags&post=22446"}],"curies":[{"name":"wp","href":"https:\/\/api.w.org\/{rel}","templated":true}]}}