{"id":22457,"date":"2025-09-27T05:26:29","date_gmt":"2025-09-27T09:26:29","guid":{"rendered":"https:\/\/entretormentas.com\/?p=22457"},"modified":"2025-09-27T05:26:30","modified_gmt":"2025-09-27T09:26:30","slug":"en-maracaibo-beneficiarios-afirman-que-jornadas-sociales-de-la-alcaldia-dignifican-su-calidad-de-vida","status":"publish","type":"post","link":"https:\/\/entretormentas.com\/en-maracaibo-beneficiarios-afirman-que-jornadas-sociales-de-la-alcaldia-dignifican-su-calidad-de-vida\/","title":{"rendered":"\u00a1EN MARACAIBO! Beneficiarios afirman que jornadas sociales de la Alcald\u00eda dignifican su calidad de vida"},"content":{"rendered":"\n<p><strong>ENTRE TORMENTAS.<\/strong> \u201cNos dignifica y nos ayuda a mejorar nuestra calidad de vida, mejora la situaci\u00f3n en nuestros hogares y nos ayuda a solventar las dificultades en cada una de nuestras casas\u201d, fueron las palabras de Sandra Campillo, en nombre de las personas con discapacidad presentes y agradeci\u00f3 la entrega de ayudas sociales de la Alcald\u00eda de Maracaibo.<\/p>\n\n\n\n<p>Cerca de 160 familias marabinas recibieron asistencia social en la m\u00e1s reciente jornada organizada a trav\u00e9s de la Gerencia de Desarrollo Social, a cargo de la Ana Clara de Di Martino, quien destac\u00f3 el apoyo de empresas privadas para donar a personas vulnerables sillas de ruedas, bastones, andaderas, tanques de agua potable y l\u00e1minas de zinc.<\/p>\n\n\n\n<figure class=\"wp-block-image size-large\"><img fetchpriority=\"high\" decoding=\"async\" width=\"1024\" height=\"933\" src=\"https:\/\/entretormentas.com\/wp-content\/uploads\/2025\/09\/disocial2-1024x933.jpeg\" alt=\"\" class=\"wp-image-22458\" srcset=\"https:\/\/entretormentas.com\/wp-content\/uploads\/2025\/09\/disocial2-1024x933.jpeg 1024w, https:\/\/entretormentas.com\/wp-content\/uploads\/2025\/09\/disocial2-300x273.jpeg 300w, https:\/\/entretormentas.com\/wp-content\/uploads\/2025\/09\/disocial2-768x700.jpeg 768w, https:\/\/entretormentas.com\/wp-content\/uploads\/2025\/09\/disocial2.jpeg 1158w\" sizes=\"(max-width: 1024px) 100vw, 1024px\" \/><\/figure>\n\n\n\n<p>La primera dama del municipio precis\u00f3 que estos aportes representan una respuesta a las necesidades urgentes para mejorar la calidad de vida de quienes m\u00e1s lo requieren. \u00abEs un acto de justicia social&#8217;<\/p>\n\n\n\n<p><strong>VOCES DEL PUEBLO<\/strong><br>Uno de los casos destacados fue el de Elixa Garc\u00eda, habitante de la parroquia Chiquinquir\u00e1, quien presenta discapacidad motora e intelectual. Despu\u00e9s de dos a\u00f1os solicitando una nueva silla de ruedas, finalmente recibi\u00f3 el apoyo que requer\u00eda.<\/p>\n\n\n\n<p>Su cu\u00f1ada, Yaisbeth Gonz\u00e1lez, coment\u00f3: \u201cEl cambio mejorar\u00e1 significativamente su vida y la de nosotros que cuidamos de ella . La respuesta de la Alcald\u00eda fue inmediata y gracias a ellos Elixa podra movilizarse dentro y fuera del hogar con mucha mas facilidad\u201d.<\/p>\n\n\n\n<figure class=\"wp-block-image size-large\"><img decoding=\"async\" width=\"1024\" height=\"645\" src=\"https:\/\/entretormentas.com\/wp-content\/uploads\/2025\/09\/disocial3-1024x645.jpeg\" alt=\"\" class=\"wp-image-22459\" srcset=\"https:\/\/entretormentas.com\/wp-content\/uploads\/2025\/09\/disocial3-1024x645.jpeg 1024w, https:\/\/entretormentas.com\/wp-content\/uploads\/2025\/09\/disocial3-300x189.jpeg 300w, https:\/\/entretormentas.com\/wp-content\/uploads\/2025\/09\/disocial3-768x484.jpeg 768w, https:\/\/entretormentas.com\/wp-content\/uploads\/2025\/09\/disocial3-540x340.jpeg 540w, https:\/\/entretormentas.com\/wp-content\/uploads\/2025\/09\/disocial3.jpeg 1212w\" sizes=\"(max-width: 1024px) 100vw, 1024px\" \/><\/figure>\n\n\n\n<p>Tambi\u00e9n Luis Enrique Bosc\u00e1n, de 88 a\u00f1os, recibi\u00f3 una silla de ruedas. Boscan sufri\u00f3 la p\u00e9rdida de una de sus piernas hace ya varios a\u00f1os, estaba usando una silla de ruedas prestada y ten\u00eda a\u00f1os buscando una propia. \u201cNo puedo caminar porque me amputaron el pie por una infecci\u00f3n y esta silla que usaba era prestada y muy inc\u00f3moda. Ahora mi vida cambiar\u00e1 positivamente\u201d, asegur\u00f3.<\/p>\n\n\n\n<p>A Clevis Margarita Gonz\u00e1lez de Lugo, de 71 a\u00f1os, le donaron unas l\u00e1minas de zinc, y comenta que traer\u00e1n una gran mejora a su calidad de vida tras una devastadora p\u00e9rdida.<\/p>\n\n\n\n<p>La se\u00f1ora Gonz\u00e1lez relata que un chubasco le vol\u00f3 todo el techo de su casa, y expresa su profunda gratitud y sentimiento de \u00abbendici\u00f3n\u00bb hacia el alcalde por la ayuda recibida.<\/p>\n\n\n\n<p>\u201cNo hall\u00e1bamos qu\u00e9 hacer, no ten\u00edamos los recursos para reemplazar todas las l\u00e1minas que faltaban, pero con la bendici\u00f3n de Dios y la ayuda de mi alcalde Di Martino ya pronto recuperar\u00e9 mi casa. Dios me lo bendiga siempre\u201d, expres\u00f3 con emoci\u00f3n.<br><strong><em>ET \/ Prensa Alcald\u00eda de Maracaibo<\/em><\/strong><\/p>\n","protected":false},"excerpt":{"rendered":"<p>ENTRE TORMENTAS. \u201cNos dignifica y nos ayuda a mejorar nuestra calidad de vida, mejora la&#8230;<\/p>\n","protected":false},"author":2,"featured_media":22460,"comment_status":"closed","ping_status":"open","sticky":false,"template":"","format":"standard","meta":{"footnotes":""},"categories":[57,1],"tags":[],"class_list":["post-22457","post","type-post","status-publish","format-standard","has-post-thumbnail","hentry","category-actualidad","category-regionales"],"_links":{"self":[{"href":"https:\/\/entretormentas.com\/index.php?rest_route=\/wp\/v2\/posts\/22457","targetHints":{"allow":["GET"]}}],"collection":[{"href":"https:\/\/entretormentas.com\/index.php?rest_route=\/wp\/v2\/posts"}],"about":[{"href":"https:\/\/entretormentas.com\/index.php?rest_route=\/wp\/v2\/types\/post"}],"author":[{"embeddable":true,"href":"https:\/\/entretormentas.com\/index.php?rest_route=\/wp\/v2\/users\/2"}],"replies":[{"embeddable":true,"href":"https:\/\/entretormentas.com\/index.php?rest_route=%2Fwp%2Fv2%2Fcomments&post=22457"}],"version-history":[{"count":1,"href":"https:\/\/entretormentas.com\/index.php?rest_route=\/wp\/v2\/posts\/22457\/revisions"}],"predecessor-version":[{"id":22461,"href":"https:\/\/entretormentas.com\/index.php?rest_route=\/wp\/v2\/posts\/22457\/revisions\/22461"}],"wp:featuredmedia":[{"embeddable":true,"href":"https:\/\/entretormentas.com\/index.php?rest_route=\/wp\/v2\/media\/22460"}],"wp:attachment":[{"href":"https:\/\/entretormentas.com\/index.php?rest_route=%2Fwp%2Fv2%2Fmedia&parent=22457"}],"wp:term":[{"taxonomy":"category","embeddable":true,"href":"https:\/\/entretormentas.com\/index.php?rest_route=%2Fwp%2Fv2%2Fcategories&post=22457"},{"taxonomy":"post_tag","embeddable":true,"href":"https:\/\/entretormentas.com\/index.php?rest_route=%2Fwp%2Fv2%2Ftags&post=22457"}],"curies":[{"name":"wp","href":"https:\/\/api.w.org\/{rel}","templated":true}]}}