{"id":22462,"date":"2025-09-27T05:31:51","date_gmt":"2025-09-27T09:31:51","guid":{"rendered":"https:\/\/entretormentas.com\/?p=22462"},"modified":"2025-09-27T05:31:52","modified_gmt":"2025-09-27T09:31:52","slug":"en-el-c-c-san-francisco-mall-sedebat-inicia-jornada-de-visitas-a-establecimientos-comerciales-surenos","status":"publish","type":"post","link":"https:\/\/entretormentas.com\/en-el-c-c-san-francisco-mall-sedebat-inicia-jornada-de-visitas-a-establecimientos-comerciales-surenos\/","title":{"rendered":"\u00a1EN EL C.C. SAN FRANCISCO MALL! Sedebat inicia jornada de visitas a establecimientos comerciales sure\u00f1os"},"content":{"rendered":"\n<p><br>\u00a0<strong>ENTRE TORMENTAS. <\/strong>Por instrucciones del Alcalde H\u00e9ctor Soto, el Intendente Tributario Antony Contreras, del Servicio Desconcentrado Bolivariano de Administraci\u00f3n Tributaria (Sedebat), despleg\u00f3 el ciclo de jornadas de verificaci\u00f3n de deudas y formalizaci\u00f3n de deberes formales del sector comercial, en establecimientos del Centro Comercial San Francisco Mall, ubicado en la avenida cinco de San Francisco.<br>\u00a0<br>Con esta primera jornada, el Sedebat busca establecer un censo actualizado y ofrecer un acompa\u00f1amiento a los comerciantes y emprendedores, asegurando el cumplimiento de las normativas vigentes para el correcto funcionamiento de sus actividades econ\u00f3micas, adem\u00e1s de fortalecer la econom\u00eda local, promover la formalidad y brindar asesor\u00eda para la obtenci\u00f3n o actualizaci\u00f3n de permisos y licencias.<\/p>\n\n\n\n<figure class=\"wp-block-image size-large\"><img fetchpriority=\"high\" decoding=\"async\" width=\"1024\" height=\"576\" src=\"https:\/\/entretormentas.com\/wp-content\/uploads\/2025\/09\/sedebat2-1024x576.jpeg\" alt=\"\" class=\"wp-image-22463\" srcset=\"https:\/\/entretormentas.com\/wp-content\/uploads\/2025\/09\/sedebat2-1024x576.jpeg 1024w, https:\/\/entretormentas.com\/wp-content\/uploads\/2025\/09\/sedebat2-300x169.jpeg 300w, https:\/\/entretormentas.com\/wp-content\/uploads\/2025\/09\/sedebat2-768x432.jpeg 768w, https:\/\/entretormentas.com\/wp-content\/uploads\/2025\/09\/sedebat2.jpeg 1080w\" sizes=\"(max-width: 1024px) 100vw, 1024px\" \/><\/figure>\n\n\n\n<p>El Intendente Tributario Municipal destac\u00f3 durante la jornada que esta acci\u00f3n es un paso fundamental para seguir impulsando el desarrollo del municipio que lleva a cabo el Alcalde Bolivariano H\u00e9ctor Soto, \u201cno se trata de una medida punitiva, sino de un esfuerzo coordinado para trabajar de la mano con nuestros comerciantes, apoy\u00e1ndolos en el cumplimiento de la ley y garantizando un entorno de negocios justo y transparente para todos\u00bb.<\/p>\n\n\n\n<p>Durante la actividad, un equipo multidisciplinario de funcionarios del Sedebat atendieron a cada uno de los representantes de los establecimientos para la verificaci\u00f3n de los permisos de funcionamiento y licencias de actividades econ\u00f3micas y adem\u00e1s ofrecer un asesoramiento efectivo sobre los requisitos necesarios para la regularizaci\u00f3n de la documentaci\u00f3n, aunado a identificar las necesidades del sector comercial.<\/p>\n\n\n\n<p>El Sedebat, como ente municipal encargado de la gesti\u00f3n, recaudaci\u00f3n, control de los tributos y tasas municipales en el municipio San Francisco, tiene el objetivo principal de optimizar los ingresos econ\u00f3micos para el desarrollo de la jurisdicci\u00f3n de una manera m\u00e1s humana y acorde al desenvolvimiento del sector productivo local.<br><strong><em>ET \/ Prensa Alcald\u00eda de San Francisco<\/em><\/strong><\/p>\n","protected":false},"excerpt":{"rendered":"<p>\u00a0ENTRE TORMENTAS. Por instrucciones del Alcalde H\u00e9ctor Soto, el Intendente Tributario Antony Contreras, del Servicio&#8230;<\/p>\n","protected":false},"author":2,"featured_media":22464,"comment_status":"closed","ping_status":"open","sticky":false,"template":"","format":"standard","meta":{"footnotes":""},"categories":[57,1],"tags":[],"class_list":["post-22462","post","type-post","status-publish","format-standard","has-post-thumbnail","hentry","category-actualidad","category-regionales"],"_links":{"self":[{"href":"https:\/\/entretormentas.com\/index.php?rest_route=\/wp\/v2\/posts\/22462","targetHints":{"allow":["GET"]}}],"collection":[{"href":"https:\/\/entretormentas.com\/index.php?rest_route=\/wp\/v2\/posts"}],"about":[{"href":"https:\/\/entretormentas.com\/index.php?rest_route=\/wp\/v2\/types\/post"}],"author":[{"embeddable":true,"href":"https:\/\/entretormentas.com\/index.php?rest_route=\/wp\/v2\/users\/2"}],"replies":[{"embeddable":true,"href":"https:\/\/entretormentas.com\/index.php?rest_route=%2Fwp%2Fv2%2Fcomments&post=22462"}],"version-history":[{"count":1,"href":"https:\/\/entretormentas.com\/index.php?rest_route=\/wp\/v2\/posts\/22462\/revisions"}],"predecessor-version":[{"id":22465,"href":"https:\/\/entretormentas.com\/index.php?rest_route=\/wp\/v2\/posts\/22462\/revisions\/22465"}],"wp:featuredmedia":[{"embeddable":true,"href":"https:\/\/entretormentas.com\/index.php?rest_route=\/wp\/v2\/media\/22464"}],"wp:attachment":[{"href":"https:\/\/entretormentas.com\/index.php?rest_route=%2Fwp%2Fv2%2Fmedia&parent=22462"}],"wp:term":[{"taxonomy":"category","embeddable":true,"href":"https:\/\/entretormentas.com\/index.php?rest_route=%2Fwp%2Fv2%2Fcategories&post=22462"},{"taxonomy":"post_tag","embeddable":true,"href":"https:\/\/entretormentas.com\/index.php?rest_route=%2Fwp%2Fv2%2Ftags&post=22462"}],"curies":[{"name":"wp","href":"https:\/\/api.w.org\/{rel}","templated":true}]}}