{"id":22466,"date":"2025-09-27T05:35:36","date_gmt":"2025-09-27T09:35:36","guid":{"rendered":"https:\/\/entretormentas.com\/?p=22466"},"modified":"2025-09-27T05:35:37","modified_gmt":"2025-09-27T09:35:37","slug":"400-menores-beneficiados-siribsur-reanuda-el-servicio-de-hidroterapias-para-sus-pacientes","status":"publish","type":"post","link":"https:\/\/entretormentas.com\/400-menores-beneficiados-siribsur-reanuda-el-servicio-de-hidroterapias-para-sus-pacientes\/","title":{"rendered":"\u00a1400 MENORES BENEFICIADOS! Siribsur reanuda el servicio de hidroterapias para sus pacientes"},"content":{"rendered":"\n<p><strong>ENTRE TORMENTAS.<\/strong> Tras m\u00e1s de ocho meses de inactividad por condiciones de mantenimiento, la Sala Integral de Rehabilitaci\u00f3n Infantil del Sur (Siribsur), reactiv\u00f3 el servicio de hidroterapia, luego de culminar los trabajos de reacondicionamiento a la piscina, realizados por la Alcald\u00eda de San Francisco en conjunto con la Fundaci\u00f3n Dama del Sur (Damasur).<\/p>\n\n\n\n<p>Gracias al compromiso del Alcalde de San Francisco, H\u00e9ctor Soto, se desarrollaron labores de limpieza profunda y reparaci\u00f3n estructural de este importante espacio terap\u00e9utico qu\u00e9 beneficiar\u00e1 a m\u00e1s de 400 pacientes. Estos trabajos forman parte de las acciones ejecutadas para la rehabilitaci\u00f3n de este centro de salud que brinda atenci\u00f3n a m\u00e1s de dos mil 200 ni\u00f1os y adolescentes con diferentes discapacidades. En esta primera fase, tambi\u00e9n se realiz\u00f3 la revisi\u00f3n y reparaci\u00f3n de los sistemas de aire acondicionado en el \u00e1rea de consulta m\u00e9dica.<\/p>\n\n\n\n<p>\u201cReanudar las hidroterapias es devolverles una herramienta vital para la recuperaci\u00f3n de nuestros peque\u00f1os. Ellos son el coraz\u00f3n de lo que hacemos. Por eso, seguiremos fortaleciendo esta sala de rehabilitaci\u00f3n, sumando mejoras que acompa\u00f1en su crecimiento y garanticen espacios cada vez m\u00e1s funcionales\u201d, expres\u00f3 Hillary Soto, presidenta de Damasur.<\/p>\n\n\n\n<figure class=\"wp-block-image size-large\"><img fetchpriority=\"high\" decoding=\"async\" width=\"1024\" height=\"766\" src=\"https:\/\/entretormentas.com\/wp-content\/uploads\/2025\/09\/siribsoto1-1024x766.jpeg\" alt=\"\" class=\"wp-image-22468\" srcset=\"https:\/\/entretormentas.com\/wp-content\/uploads\/2025\/09\/siribsoto1-1024x766.jpeg 1024w, https:\/\/entretormentas.com\/wp-content\/uploads\/2025\/09\/siribsoto1-300x225.jpeg 300w, https:\/\/entretormentas.com\/wp-content\/uploads\/2025\/09\/siribsoto1-768x575.jpeg 768w, https:\/\/entretormentas.com\/wp-content\/uploads\/2025\/09\/siribsoto1.jpeg 1280w\" sizes=\"(max-width: 1024px) 100vw, 1024px\" \/><\/figure>\n\n\n\n<p>Karelys Aguirre, Directora de Siribsur, destac\u00f3 que \u00abesta acci\u00f3n garantizar\u00e1 brindarle este servicio de manera gratuita y con mucho amor a m\u00e1s de 400 ni\u00f1os y adolescentes que acuden a espacio con la esperanza de mejorar sus discapacidades neuromusculo esquel\u00e9ticas\u00bb .<\/p>\n\n\n\n<p>Por su parte, Mileydi Mart\u00ednez, representante de paciente Siribsur, agradeci\u00f3 las labores que permitieron la reactivaci\u00f3n de la piscina terap\u00e9utica resaltando que \u00abes el \u00e1rea favorita de mi hija y una de las m\u00e1s importantes para su mejor\u00eda, ya que la ayuda con su recuperaci\u00f3n motora. Mi ni\u00f1a est\u00e1 muy emocionada por ello\u00bb.<\/p>\n\n\n\n<p>Cabe destacar que Siribsur ofrece servicios gratuitos en diversas especialidades m\u00e9dicas, entre ellas: nutrici\u00f3n, farmacia, hematolog\u00eda, traumatolog\u00eda, gen\u00e9tica, nefrolog\u00eda, oftalmolog\u00eda, dermatolog\u00eda, fisiatr\u00eda, pediatr\u00eda, psicolog\u00eda y psicopedagog\u00eda, adem\u00e1s de terapias f\u00edsica, ocupacional, de lenguaje e hidroterapia. Estas atenciones han sido fortalecidas gracias a las acciones en materia de salud impulsadas por el alcalde bolivariano H\u00e9ctor Soto, quien, enmarcado en las 7 Transformaciones de la Salud, busca mejorar la atenci\u00f3n integral a ni\u00f1os y adolescentes con condiciones especiales del municipio y del estado Zulia.<br><strong><em>ET \/ Prensa Alcald\u00eda de San Francisco<\/em><\/strong><\/p>\n","protected":false},"excerpt":{"rendered":"<p>ENTRE TORMENTAS. Tras m\u00e1s de ocho meses de inactividad por condiciones de mantenimiento, la Sala&#8230;<\/p>\n","protected":false},"author":2,"featured_media":22469,"comment_status":"closed","ping_status":"open","sticky":false,"template":"","format":"standard","meta":{"footnotes":""},"categories":[57,1],"tags":[],"class_list":["post-22466","post","type-post","status-publish","format-standard","has-post-thumbnail","hentry","category-actualidad","category-regionales"],"_links":{"self":[{"href":"https:\/\/entretormentas.com\/index.php?rest_route=\/wp\/v2\/posts\/22466","targetHints":{"allow":["GET"]}}],"collection":[{"href":"https:\/\/entretormentas.com\/index.php?rest_route=\/wp\/v2\/posts"}],"about":[{"href":"https:\/\/entretormentas.com\/index.php?rest_route=\/wp\/v2\/types\/post"}],"author":[{"embeddable":true,"href":"https:\/\/entretormentas.com\/index.php?rest_route=\/wp\/v2\/users\/2"}],"replies":[{"embeddable":true,"href":"https:\/\/entretormentas.com\/index.php?rest_route=%2Fwp%2Fv2%2Fcomments&post=22466"}],"version-history":[{"count":1,"href":"https:\/\/entretormentas.com\/index.php?rest_route=\/wp\/v2\/posts\/22466\/revisions"}],"predecessor-version":[{"id":22470,"href":"https:\/\/entretormentas.com\/index.php?rest_route=\/wp\/v2\/posts\/22466\/revisions\/22470"}],"wp:featuredmedia":[{"embeddable":true,"href":"https:\/\/entretormentas.com\/index.php?rest_route=\/wp\/v2\/media\/22469"}],"wp:attachment":[{"href":"https:\/\/entretormentas.com\/index.php?rest_route=%2Fwp%2Fv2%2Fmedia&parent=22466"}],"wp:term":[{"taxonomy":"category","embeddable":true,"href":"https:\/\/entretormentas.com\/index.php?rest_route=%2Fwp%2Fv2%2Fcategories&post=22466"},{"taxonomy":"post_tag","embeddable":true,"href":"https:\/\/entretormentas.com\/index.php?rest_route=%2Fwp%2Fv2%2Ftags&post=22466"}],"curies":[{"name":"wp","href":"https:\/\/api.w.org\/{rel}","templated":true}]}}