{"id":22471,"date":"2025-09-27T05:40:30","date_gmt":"2025-09-27T09:40:30","guid":{"rendered":"https:\/\/entretormentas.com\/?p=22471"},"modified":"2025-09-27T05:40:31","modified_gmt":"2025-09-27T09:40:31","slug":"mas-de-86-mil-marabinos-beneficiados-alcaldia-entrega-plazas-jovito-villalba-y-louis-braille-totalmente-restauradas","status":"publish","type":"post","link":"https:\/\/entretormentas.com\/mas-de-86-mil-marabinos-beneficiados-alcaldia-entrega-plazas-jovito-villalba-y-louis-braille-totalmente-restauradas\/","title":{"rendered":"\u00a1M\u00c1S DE 86 MIL MARABINOS BENEFICIADOS! Alcald\u00eda entrega plazas J\u00f3vito Villalba y Louis Braille totalmente restauradas"},"content":{"rendered":"\n<p><strong>ENTRE TORMENTAS.<\/strong> El alcalde de Maracaibo, Giancarlo Di Martino, entreg\u00f3 a la comunidad marabina las plazas J\u00f3vito Villalba y Louis Braille, ubicadas en la avenida Cecilio Acosta, rehabilitadas por el Servicio Desconcentrado de Plazas y Parques (SEDEPAR) para el disfrute de m\u00e1s de 86 mil habitantes de la parroquia Olegario Villalobos.<\/p>\n\n\n\n<p>Estas dos plazas emblem\u00e1ticas recuperadas para el encuentro ciudadano, forman parte del plan de recuperaci\u00f3n urbana que lleva adelante la gesti\u00f3n del alcalde Giancarlo Di Martino, cumpliendo su compromiso con el pueblo marabino de devolver los espacios p\u00fablicos para el sano esparcimiento de la familia.<\/p>\n\n\n\n<figure class=\"wp-block-image size-large\"><img fetchpriority=\"high\" decoding=\"async\" width=\"682\" height=\"1024\" src=\"https:\/\/entretormentas.com\/wp-content\/uploads\/2025\/09\/plazasdi2-682x1024.jpeg\" alt=\"\" class=\"wp-image-22472\" srcset=\"https:\/\/entretormentas.com\/wp-content\/uploads\/2025\/09\/plazasdi2-682x1024.jpeg 682w, https:\/\/entretormentas.com\/wp-content\/uploads\/2025\/09\/plazasdi2-200x300.jpeg 200w, https:\/\/entretormentas.com\/wp-content\/uploads\/2025\/09\/plazasdi2.jpeg 719w\" sizes=\"(max-width: 682px) 100vw, 682px\" \/><\/figure>\n\n\n\n<p>El Director de SEDEPAR, Namik Torres, inform\u00f3 que ambas plazas fueron intervenidas con la ejecuci\u00f3n de labores de pintura general de brocales, construcci\u00f3n de bancas de concreto, sustituci\u00f3n de hitos, estampado de pisos en \u00e1reas internas, revisi\u00f3n y modernizaci\u00f3n del sistema el\u00e9ctrico, incluyendo la instalaci\u00f3n de l\u00e1mparas LED, se\u00f1al\u00e9ticas y papeleras.<\/p>\n\n\n\n<p>Se\u00f1al\u00f3 que tambi\u00e9n se restauraron los bustos emblem\u00e1ticos que forman parte de la identidad de estos espacios y se realiz\u00f3 el remozamiento completo de las \u00e1reas verdes, incluyendo poda de \u00e1rboles, paisajismo y limpieza general.<\/p>\n\n\n\n<p>Torres expres\u00f3 que \u201ccada plaza recuperada es una oportunidad para fortalecer el v\u00ednculo entre la ciudad y su gente. Nuestro trabajo busca que cada espacio p\u00fablico sea motivo de orgullo y que quienes lo visiten sientan el deseo de disfrutar cada uno de sus rincones\u201d.<\/p>\n\n\n\n<figure class=\"wp-block-image size-large\"><img decoding=\"async\" width=\"683\" height=\"1024\" src=\"https:\/\/entretormentas.com\/wp-content\/uploads\/2025\/09\/plazasdi3-683x1024.jpeg\" alt=\"\" class=\"wp-image-22473\" srcset=\"https:\/\/entretormentas.com\/wp-content\/uploads\/2025\/09\/plazasdi3-683x1024.jpeg 683w, https:\/\/entretormentas.com\/wp-content\/uploads\/2025\/09\/plazasdi3-200x300.jpeg 200w, https:\/\/entretormentas.com\/wp-content\/uploads\/2025\/09\/plazasdi3.jpeg 720w\" sizes=\"(max-width: 683px) 100vw, 683px\" \/><\/figure>\n\n\n\n<p>El alcalde de Maracaibo, Giancarlo Di Martino, reafirma su compromiso con los marabinos, promoviendo el sentido de pertenencia y el cuidado de los espacios comunes. \u201cLa recuperaci\u00f3n de estas plazas son el punto de inicio, seguimos avanzando con acciones concretas, para que cada rinc\u00f3n de la ciudad refleje el respeto, dignidad y que cuente con espacios dignos para el encuentro familiar, la recreaci\u00f3n y el sano esparcimiento\u201d, puntualiz\u00f3 Namik Torres.<\/p>\n\n\n\n<p><strong>VECINOS COMPLACIDOS<\/strong><br>Luis Alberto Vera, quien trabaja en el edificio Maparari desde hace aproximadamente 11 a\u00f1os, es testigo de la transformaci\u00f3n y est\u00e1 \u00abtodo el tiempo pendiente de la plaza\u00bb. \u00c9l afirm\u00f3 que \u00abla plaza tuvo un 100% de cambio\u00bb.<\/p>\n\n\n\n<p>Vera se\u00f1al\u00f3 que la plaza hab\u00eda estado sin mantenimiento por \u00abmuchos a\u00f1os\u00bb y que antes de la restauraci\u00f3n, \u00abdorm\u00edan puros indigentes\u00bb en el lugar. Adem\u00e1s, hab\u00eda problemas constantes de vandalismo; \u201clas personas se robaban los bombillos y, una vez que colocaron l\u00e1mparas, tambi\u00e9n se las llevaron\u201d.<\/p>\n\n\n\n<figure class=\"wp-block-image size-large\"><img decoding=\"async\" width=\"1024\" height=\"683\" src=\"https:\/\/entretormentas.com\/wp-content\/uploads\/2025\/09\/plazasdi4-1024x683.jpeg\" alt=\"\" class=\"wp-image-22474\" srcset=\"https:\/\/entretormentas.com\/wp-content\/uploads\/2025\/09\/plazasdi4-1024x683.jpeg 1024w, https:\/\/entretormentas.com\/wp-content\/uploads\/2025\/09\/plazasdi4-300x200.jpeg 300w, https:\/\/entretormentas.com\/wp-content\/uploads\/2025\/09\/plazasdi4-768x512.jpeg 768w, https:\/\/entretormentas.com\/wp-content\/uploads\/2025\/09\/plazasdi4.jpeg 1080w\" sizes=\"(max-width: 1024px) 100vw, 1024px\" \/><\/figure>\n\n\n\n<p>\u201cPero eso se acab\u00f3\u201d, coment\u00f3 complacido, \u201cAhora est\u00e1 bien iluminada y bonita, las personas vuelven a utilizar el espacio para la recreaci\u00f3n y el deporte, la Alcald\u00eda hizo un muy buen trabajo\u201d.<\/p>\n\n\n\n<p>Adri\u00e1n Fulcano, habitante del sector Don Bosco, expres\u00f3 la gratitud de la comunidad y extendi\u00f3 las felicitaciones y el agradecimiento, indicando que \u00ablos vecinos de aqu\u00ed de la comunidad, le agradecen mucho al Dr. Giancarlo Di Martino por este espacio tan bonito que nos devolvi\u00f3\u00bb.<br><strong><em>ET \/ Prensa Alcald\u00eda de Maracaibo<\/em><\/strong><\/p>\n","protected":false},"excerpt":{"rendered":"<p>ENTRE TORMENTAS. El alcalde de Maracaibo, Giancarlo Di Martino, entreg\u00f3 a la comunidad marabina las&#8230;<\/p>\n","protected":false},"author":2,"featured_media":22475,"comment_status":"closed","ping_status":"open","sticky":false,"template":"","format":"standard","meta":{"footnotes":""},"categories":[57,1],"tags":[],"class_list":["post-22471","post","type-post","status-publish","format-standard","has-post-thumbnail","hentry","category-actualidad","category-regionales"],"_links":{"self":[{"href":"https:\/\/entretormentas.com\/index.php?rest_route=\/wp\/v2\/posts\/22471","targetHints":{"allow":["GET"]}}],"collection":[{"href":"https:\/\/entretormentas.com\/index.php?rest_route=\/wp\/v2\/posts"}],"about":[{"href":"https:\/\/entretormentas.com\/index.php?rest_route=\/wp\/v2\/types\/post"}],"author":[{"embeddable":true,"href":"https:\/\/entretormentas.com\/index.php?rest_route=\/wp\/v2\/users\/2"}],"replies":[{"embeddable":true,"href":"https:\/\/entretormentas.com\/index.php?rest_route=%2Fwp%2Fv2%2Fcomments&post=22471"}],"version-history":[{"count":1,"href":"https:\/\/entretormentas.com\/index.php?rest_route=\/wp\/v2\/posts\/22471\/revisions"}],"predecessor-version":[{"id":22476,"href":"https:\/\/entretormentas.com\/index.php?rest_route=\/wp\/v2\/posts\/22471\/revisions\/22476"}],"wp:featuredmedia":[{"embeddable":true,"href":"https:\/\/entretormentas.com\/index.php?rest_route=\/wp\/v2\/media\/22475"}],"wp:attachment":[{"href":"https:\/\/entretormentas.com\/index.php?rest_route=%2Fwp%2Fv2%2Fmedia&parent=22471"}],"wp:term":[{"taxonomy":"category","embeddable":true,"href":"https:\/\/entretormentas.com\/index.php?rest_route=%2Fwp%2Fv2%2Fcategories&post=22471"},{"taxonomy":"post_tag","embeddable":true,"href":"https:\/\/entretormentas.com\/index.php?rest_route=%2Fwp%2Fv2%2Ftags&post=22471"}],"curies":[{"name":"wp","href":"https:\/\/api.w.org\/{rel}","templated":true}]}}