{"id":22477,"date":"2025-09-27T05:44:49","date_gmt":"2025-09-27T09:44:49","guid":{"rendered":"https:\/\/entretormentas.com\/?p=22477"},"modified":"2025-09-27T05:44:50","modified_gmt":"2025-09-27T09:44:50","slug":"luis-caldera-activo-entregan-700-trabucos-clap-y-financiamientos-para-400-hectareas-de-maiz-en-el-zulia","status":"publish","type":"post","link":"https:\/\/entretormentas.com\/luis-caldera-activo-entregan-700-trabucos-clap-y-financiamientos-para-400-hectareas-de-maiz-en-el-zulia\/","title":{"rendered":"\u00a1LUIS CALDERA ACTIVO! Entregan 700 trabucos Clap y financiamientos para 400 hect\u00e1reas de ma\u00edz en el Zulia"},"content":{"rendered":"\n<p><strong>ENTRE TORMENTAS. <\/strong>Como un acto de soberan\u00eda y seguridad alimentaria defini\u00f3 el gobernador del Zulia, Luis Caldera, la entrega de 700 trabucos para Comit\u00e9s de Abastecimiento y Producci\u00f3n y financiamientos para la producci\u00f3n de 400 hect\u00e1reas de ma\u00edz, a campesinos y comuneros de los municipios San Francisco y Jes\u00fas Enrique Lossada.<\/p>\n\n\n\n<p>En un acto realizado en la municipalidad sure\u00f1a, se realiz\u00f3 el encuentro y la entrega con el gobernador Caldera; el viceministro de Agricultura Urbana, El\u00edas S\u00e1nchez y los alcaldes de San Francisco y Lossada, H\u00e9ctor Soto y Carlos Colina, respectivamente y donde participaron m\u00e1s de 150 comunas.<\/p>\n\n\n\n<figure class=\"wp-block-image size-large\"><img fetchpriority=\"high\" decoding=\"async\" width=\"1024\" height=\"682\" src=\"https:\/\/entretormentas.com\/wp-content\/uploads\/2025\/09\/trabucos2-1024x682.jpeg\" alt=\"\" class=\"wp-image-22478\" srcset=\"https:\/\/entretormentas.com\/wp-content\/uploads\/2025\/09\/trabucos2-1024x682.jpeg 1024w, https:\/\/entretormentas.com\/wp-content\/uploads\/2025\/09\/trabucos2-300x200.jpeg 300w, https:\/\/entretormentas.com\/wp-content\/uploads\/2025\/09\/trabucos2-768x511.jpeg 768w, https:\/\/entretormentas.com\/wp-content\/uploads\/2025\/09\/trabucos2.jpeg 1080w\" sizes=\"(max-width: 1024px) 100vw, 1024px\" \/><\/figure>\n\n\n\n<p>Manifest\u00f3 que con este acto se cumple con las directrices del presidente Nicol\u00e1s Maduro, quien batalla por la paz, por la independencia y donde la producci\u00f3n alimentaria es parte de esa batalla.<\/p>\n\n\n\n<p>\u201cEste es un acto de reafirmaci\u00f3n del compromiso de los campesinos y campesinas de los peque\u00f1os y medianos productores, pero sobre todo de los circuitos comunales para generar los alimentos que nosotros consumimos en el Zulia, en alianza perfecta entre los niveles de gobierno\u201d, sum\u00f3 el mandatario regional.<\/p>\n\n\n\n<p>El viceministro S\u00e1nchez explic\u00f3 que el Trabuco Clap es una pol\u00edtica que lleva adelante el presidente Maduro y que se entrega en los espacios donde hay producci\u00f3n agrourbana. Manifest\u00f3 que estas son herramientas necesarias para fortalecer la producci\u00f3n agr\u00edcola, en el caso de los conucos familiares, comunales y escolares.<\/p>\n\n\n\n<p>\u201cEn este caso estamos con m\u00e1s de 150 comunas que est\u00e1n recibiendo las herramientas y con Clap que reciben insumos y semillas necesarias para la producci\u00f3n. Nosotros apostamos al conuco agroecol\u00f3gico, al conuco venezolano, como lo ha dicho el presidente, multiprop\u00f3sito, de diferentes escalas y sobre todo tecnificado\u201d, sostuvo el viceministro.<\/p>\n\n\n\n<figure class=\"wp-block-image size-large\"><img decoding=\"async\" width=\"1024\" height=\"683\" src=\"https:\/\/entretormentas.com\/wp-content\/uploads\/2025\/09\/trabucos3-1024x683.jpeg\" alt=\"\" class=\"wp-image-22479\" srcset=\"https:\/\/entretormentas.com\/wp-content\/uploads\/2025\/09\/trabucos3-1024x683.jpeg 1024w, https:\/\/entretormentas.com\/wp-content\/uploads\/2025\/09\/trabucos3-300x200.jpeg 300w, https:\/\/entretormentas.com\/wp-content\/uploads\/2025\/09\/trabucos3-768x512.jpeg 768w, https:\/\/entretormentas.com\/wp-content\/uploads\/2025\/09\/trabucos3.jpeg 1080w\" sizes=\"(max-width: 1024px) 100vw, 1024px\" \/><\/figure>\n\n\n\n<p><strong>ALIANZA ESTRAT\u00c9GICA<\/strong><br>El gobernador Caldera junto al viceministro S\u00e1nchez pasaron revista a la producci\u00f3n av\u00edcola de la empresa T\u00edo Pollo, con la que la Gobernaci\u00f3n del Zulia estableci\u00f3 una alianza estrat\u00e9gica, para la producci\u00f3n de m\u00e1s de dos millones 300 mil huevos mensuales para el consumo estadal.<\/p>\n\n\n\n<p>\u201cDesde aqu\u00ed se va a irradiar a los circuitos comunales para la entrega de gallinas, de alimentos, de pollos beb\u00e9, lo que implica crear un encadenamiento productivo entre el Gobierno Bolivariano, Ministerio del Poder Popular para la Agricultura Productiva y Tierras, la Gobernaci\u00f3n del Zulia y las alcald\u00edas bolivarianas\u201d, subray\u00f3.<br><strong><em>ET \/ Nota de Prensa<\/em><\/strong><\/p>\n","protected":false},"excerpt":{"rendered":"<p>ENTRE TORMENTAS. Como un acto de soberan\u00eda y seguridad alimentaria defini\u00f3 el gobernador del Zulia,&#8230;<\/p>\n","protected":false},"author":2,"featured_media":22480,"comment_status":"closed","ping_status":"open","sticky":false,"template":"","format":"standard","meta":{"footnotes":""},"categories":[57,1],"tags":[],"class_list":["post-22477","post","type-post","status-publish","format-standard","has-post-thumbnail","hentry","category-actualidad","category-regionales"],"_links":{"self":[{"href":"https:\/\/entretormentas.com\/index.php?rest_route=\/wp\/v2\/posts\/22477","targetHints":{"allow":["GET"]}}],"collection":[{"href":"https:\/\/entretormentas.com\/index.php?rest_route=\/wp\/v2\/posts"}],"about":[{"href":"https:\/\/entretormentas.com\/index.php?rest_route=\/wp\/v2\/types\/post"}],"author":[{"embeddable":true,"href":"https:\/\/entretormentas.com\/index.php?rest_route=\/wp\/v2\/users\/2"}],"replies":[{"embeddable":true,"href":"https:\/\/entretormentas.com\/index.php?rest_route=%2Fwp%2Fv2%2Fcomments&post=22477"}],"version-history":[{"count":1,"href":"https:\/\/entretormentas.com\/index.php?rest_route=\/wp\/v2\/posts\/22477\/revisions"}],"predecessor-version":[{"id":22481,"href":"https:\/\/entretormentas.com\/index.php?rest_route=\/wp\/v2\/posts\/22477\/revisions\/22481"}],"wp:featuredmedia":[{"embeddable":true,"href":"https:\/\/entretormentas.com\/index.php?rest_route=\/wp\/v2\/media\/22480"}],"wp:attachment":[{"href":"https:\/\/entretormentas.com\/index.php?rest_route=%2Fwp%2Fv2%2Fmedia&parent=22477"}],"wp:term":[{"taxonomy":"category","embeddable":true,"href":"https:\/\/entretormentas.com\/index.php?rest_route=%2Fwp%2Fv2%2Fcategories&post=22477"},{"taxonomy":"post_tag","embeddable":true,"href":"https:\/\/entretormentas.com\/index.php?rest_route=%2Fwp%2Fv2%2Ftags&post=22477"}],"curies":[{"name":"wp","href":"https:\/\/api.w.org\/{rel}","templated":true}]}}