{"id":22482,"date":"2025-09-27T05:49:39","date_gmt":"2025-09-27T09:49:39","guid":{"rendered":"https:\/\/entretormentas.com\/?p=22482"},"modified":"2025-09-27T05:49:40","modified_gmt":"2025-09-27T09:49:40","slug":"mancomunados-gobernacion-y-la-alcaldia-de-maracaibo-promueven-turismo-y-economia-del-zulia","status":"publish","type":"post","link":"https:\/\/entretormentas.com\/mancomunados-gobernacion-y-la-alcaldia-de-maracaibo-promueven-turismo-y-economia-del-zulia\/","title":{"rendered":"\u00a1MANCOMUNADOS! Gobernaci\u00f3n y la Alcald\u00eda de Maracaibo promueven turismo y econom\u00eda del Zulia"},"content":{"rendered":"\n<p><strong>ENTRE TORMENTAS.<\/strong> El gobernador del Zulia, Luis Caldera, destac\u00f3 este viernes la integraci\u00f3n de los niveles de Gobierno regional y municipal en la tarea de promover el desarrollo tur\u00edstico, cultural y econ\u00f3mico de Maracaibo y la regi\u00f3n zuliana.<\/p>\n\n\n\n<p>Presente en la Fiesta Zuliana del Caf\u00e9 2025, en la Biblioteca P\u00fablica Mar\u00eda Calca\u00f1o, el gobernador Caldera expres\u00f3 la importancia de este encuentro, que re\u00fane durante dos d\u00edas a m\u00e1s de 30 empresas e instituciones ligadas a este delicioso patrimonio gastron\u00f3mico venezolano.<\/p>\n\n\n\n<figure class=\"wp-block-image size-large\"><img fetchpriority=\"high\" decoding=\"async\" width=\"1024\" height=\"683\" src=\"https:\/\/entretormentas.com\/wp-content\/uploads\/2025\/09\/mancomu2-1024x683.jpeg\" alt=\"\" class=\"wp-image-22483\" srcset=\"https:\/\/entretormentas.com\/wp-content\/uploads\/2025\/09\/mancomu2-1024x683.jpeg 1024w, https:\/\/entretormentas.com\/wp-content\/uploads\/2025\/09\/mancomu2-300x200.jpeg 300w, https:\/\/entretormentas.com\/wp-content\/uploads\/2025\/09\/mancomu2-768x512.jpeg 768w, https:\/\/entretormentas.com\/wp-content\/uploads\/2025\/09\/mancomu2.jpeg 1280w\" sizes=\"(max-width: 1024px) 100vw, 1024px\" \/><\/figure>\n\n\n\n<p>\u201cEste evento nos da a nosotros una visi\u00f3n de lo que queremos para el Zulia y para la ciudad. No solamente lo que queremos, lo que estamos haciendo en esta actividad tur\u00edstica, cultural, de promoci\u00f3n del emprendimiento, del reconocimiento a los artesanos, a lo nuestro\u201d, declar\u00f3 la m\u00e1xima autoridad del estado.<\/p>\n\n\n\n<p><strong>ARTICULACI\u00d3N GOBERNACI\u00d3N-ALCALD\u00cdA<\/strong><br>\u201cAh\u00ed estamos unidos, pues, la Gobernaci\u00f3n Bolivariana del Zulia, la Alcald\u00eda Bolivariana de Maracaibo, y representantes de todo el quehacer cultural\u201d, agreg\u00f3 Luis Caldera. \u201cY esto solamente se puede hacer cuando hay conciencia, hay amor a la ciudad, hay unidad, hay consensos\u201d, enfatiz\u00f3 el Gobernador del Zulia.<\/p>\n\n\n\n<p>Caldera puso de relieve el apoyo de la Gobernaci\u00f3n y la Alcald\u00eda a la iniciativa privada. \u201cCuando aqu\u00ed est\u00e1 la Alcald\u00eda Bolivariana de Maracaibo, la Gobernaci\u00f3n, estamos como instituci\u00f3n, pero hay 30 firmas que hoy se sienten respaldadas por el Ejecutivo regional. Hay emprendedores, hay empresas grandes, como Caf\u00e9 Imperial, que se sienten acompa\u00f1adas y esto es muy importante para el Zulia\u201d, manifest\u00f3 Luis Caldera.<\/p>\n\n\n\n<figure class=\"wp-block-image size-large\"><img decoding=\"async\" width=\"1024\" height=\"683\" src=\"https:\/\/entretormentas.com\/wp-content\/uploads\/2025\/09\/mancomu3-1024x683.jpeg\" alt=\"\" class=\"wp-image-22484\" srcset=\"https:\/\/entretormentas.com\/wp-content\/uploads\/2025\/09\/mancomu3-1024x683.jpeg 1024w, https:\/\/entretormentas.com\/wp-content\/uploads\/2025\/09\/mancomu3-300x200.jpeg 300w, https:\/\/entretormentas.com\/wp-content\/uploads\/2025\/09\/mancomu3-768x512.jpeg 768w, https:\/\/entretormentas.com\/wp-content\/uploads\/2025\/09\/mancomu3.jpeg 1280w\" sizes=\"(max-width: 1024px) 100vw, 1024px\" \/><\/figure>\n\n\n\n<p><strong>LAS MEJORES NAVIDADES<\/strong><br>Al ser consultado sobre las grandes actividades previstas en Maracaibo y el Zulia en el \u00faltimo trimestre del a\u00f1o, como la Feria de la Chinita y la navidad, el gobernador manifest\u00f3: \u201cS\u00ed, es el trimestre esperado por todos. Y m\u00e1s en un a\u00f1o que ha sido convulsionado, pues hemos tenido elecciones de gobernador, de alcalde, legisladores, concejales, diputados, y bueno, todo lo que ha sucedido a nivel internacional. Pero nosotros aspiramos que cuando llegue octubre y actuando de forma articulada, mejorando los servicios, la seguridad, generando condiciones, todo redundar\u00e1 a favor del desarrollo del Zulia y de su capital\u201d.<\/p>\n\n\n\n<p>Y explic\u00f3: \u201cEs como cuando uno tiene un ecosistema. Nosotros hemos fortalecido un ecosistema para la producci\u00f3n, para el emprendimiento, para la generaci\u00f3n de ingresos. Y eso se va a multiplicar y t\u00fa vas a ver que el Zulia va a tener las mejores navidades en los \u00faltimos 20 a\u00f1os\u201d.<\/p>\n\n\n\n<figure class=\"wp-block-image size-large\"><img decoding=\"async\" width=\"1024\" height=\"683\" src=\"https:\/\/entretormentas.com\/wp-content\/uploads\/2025\/09\/mancomu4-1024x683.jpeg\" alt=\"\" class=\"wp-image-22485\" srcset=\"https:\/\/entretormentas.com\/wp-content\/uploads\/2025\/09\/mancomu4-1024x683.jpeg 1024w, https:\/\/entretormentas.com\/wp-content\/uploads\/2025\/09\/mancomu4-300x200.jpeg 300w, https:\/\/entretormentas.com\/wp-content\/uploads\/2025\/09\/mancomu4-768x512.jpeg 768w, https:\/\/entretormentas.com\/wp-content\/uploads\/2025\/09\/mancomu4.jpeg 1280w\" sizes=\"(max-width: 1024px) 100vw, 1024px\" \/><\/figure>\n\n\n\n<p><strong>RESISTIR PRODUCIENDO<\/strong><br>El gobernador Caldera destac\u00f3 la importancia del apoyo institucional a los microempresarios y emprendedores del ramo del caf\u00e9 provenientes de varios estados del pa\u00eds, presentes en el evento.<\/p>\n\n\n\n<p>\u201cSi algo nos ha ense\u00f1ado la guerra econ\u00f3mica, si algo nos ha ense\u00f1ado las medidas coercitivas unilaterales contra nuestro pa\u00eds, es que el pueblo venezolano resiste produciendo, resiste construyendo, resiste ense\u00f1\u00e1ndole a todo el mundo que no hay venezolano que se rinda\u201d, manifest\u00f3 Caldera.<\/p>\n\n\n\n<p>\u201cY el emprendedor es eso. Es generaci\u00f3n de la microempresa familiar, la microempresa comunitaria, y sobre todo, esa ciencia que tenemos en nuestras venas, esas ganas de defender siempre al pa\u00eds; esos son los emprendedores\u201d, finaliz\u00f3 el Gobernador Bolivariano del Zulia.<br><strong><em>ET \/ Prensa Alcald\u00eda de Maracaibo<\/em><\/strong><\/p>\n\n\n\n<p><\/p>\n","protected":false},"excerpt":{"rendered":"<p>ENTRE TORMENTAS. El gobernador del Zulia, Luis Caldera, destac\u00f3 este viernes la integraci\u00f3n de los&#8230;<\/p>\n","protected":false},"author":2,"featured_media":22486,"comment_status":"closed","ping_status":"open","sticky":false,"template":"","format":"standard","meta":{"footnotes":""},"categories":[57,1],"tags":[],"class_list":["post-22482","post","type-post","status-publish","format-standard","has-post-thumbnail","hentry","category-actualidad","category-regionales"],"_links":{"self":[{"href":"https:\/\/entretormentas.com\/index.php?rest_route=\/wp\/v2\/posts\/22482","targetHints":{"allow":["GET"]}}],"collection":[{"href":"https:\/\/entretormentas.com\/index.php?rest_route=\/wp\/v2\/posts"}],"about":[{"href":"https:\/\/entretormentas.com\/index.php?rest_route=\/wp\/v2\/types\/post"}],"author":[{"embeddable":true,"href":"https:\/\/entretormentas.com\/index.php?rest_route=\/wp\/v2\/users\/2"}],"replies":[{"embeddable":true,"href":"https:\/\/entretormentas.com\/index.php?rest_route=%2Fwp%2Fv2%2Fcomments&post=22482"}],"version-history":[{"count":1,"href":"https:\/\/entretormentas.com\/index.php?rest_route=\/wp\/v2\/posts\/22482\/revisions"}],"predecessor-version":[{"id":22487,"href":"https:\/\/entretormentas.com\/index.php?rest_route=\/wp\/v2\/posts\/22482\/revisions\/22487"}],"wp:featuredmedia":[{"embeddable":true,"href":"https:\/\/entretormentas.com\/index.php?rest_route=\/wp\/v2\/media\/22486"}],"wp:attachment":[{"href":"https:\/\/entretormentas.com\/index.php?rest_route=%2Fwp%2Fv2%2Fmedia&parent=22482"}],"wp:term":[{"taxonomy":"category","embeddable":true,"href":"https:\/\/entretormentas.com\/index.php?rest_route=%2Fwp%2Fv2%2Fcategories&post=22482"},{"taxonomy":"post_tag","embeddable":true,"href":"https:\/\/entretormentas.com\/index.php?rest_route=%2Fwp%2Fv2%2Ftags&post=22482"}],"curies":[{"name":"wp","href":"https:\/\/api.w.org\/{rel}","templated":true}]}}