{"id":22488,"date":"2025-09-27T05:51:33","date_gmt":"2025-09-27T09:51:33","guid":{"rendered":"https:\/\/entretormentas.com\/?p=22488"},"modified":"2025-09-27T05:51:33","modified_gmt":"2025-09-27T09:51:33","slug":"mas-de-13-millones-han-retornado-llego-al-pais-el-vuelo-n71-con-200-repatriados-desde-eeuu","status":"publish","type":"post","link":"https:\/\/entretormentas.com\/mas-de-13-millones-han-retornado-llego-al-pais-el-vuelo-n71-con-200-repatriados-desde-eeuu\/","title":{"rendered":"\u00a1M\u00c1S DE 1,3 MILLONES HAN RETORNADO! Lleg\u00f3 al pa\u00eds el vuelo N\u00b071 con 200 repatriados desde EEUU"},"content":{"rendered":"\n<p><strong>ENTRE TORMENTAS. <\/strong>Este viernes arrib\u00f3 un nuevo vuelo al Aeropuerto Internacional Sim\u00f3n Bol\u00edvar de Maiquet\u00eda en el estado La Guaira, con un grupo de aproximadamente 200 connacionales deportados desde Texas, Estados Unidos.<\/p>\n\n\n\n<p>Los ciudadanos y ciudadanas fueron recibidos por los funcionarios de seguridad, el equipo de la Cruz Roja venezolana y Protecci\u00f3n Civil, quienes estar\u00e1n encargados de brindarles atenci\u00f3n m\u00e9dica y orientaci\u00f3n en este proceso de reinserci\u00f3n.<\/p>\n\n\n\n<p>Este vuelo corresponde al n\u00famero 71 desde la reactivaci\u00f3n del Plan Vuelta a la Patria en febrero de 2025. Desde su creaci\u00f3n en 2018, m\u00e1s de 1,3 millones de venezolanos han retornado al pa\u00eds mediante este programa humanitario.<br><strong><em>ET \/ Agencias<\/em><\/strong><\/p>\n","protected":false},"excerpt":{"rendered":"<p>ENTRE TORMENTAS. Este viernes arrib\u00f3 un nuevo vuelo al Aeropuerto Internacional Sim\u00f3n Bol\u00edvar de Maiquet\u00eda&#8230;<\/p>\n","protected":false},"author":2,"featured_media":22489,"comment_status":"closed","ping_status":"open","sticky":false,"template":"","format":"standard","meta":{"footnotes":""},"categories":[56,49],"tags":[],"class_list":["post-22488","post","type-post","status-publish","format-standard","has-post-thumbnail","hentry","category-destacadas","category-nacionales"],"_links":{"self":[{"href":"https:\/\/entretormentas.com\/index.php?rest_route=\/wp\/v2\/posts\/22488","targetHints":{"allow":["GET"]}}],"collection":[{"href":"https:\/\/entretormentas.com\/index.php?rest_route=\/wp\/v2\/posts"}],"about":[{"href":"https:\/\/entretormentas.com\/index.php?rest_route=\/wp\/v2\/types\/post"}],"author":[{"embeddable":true,"href":"https:\/\/entretormentas.com\/index.php?rest_route=\/wp\/v2\/users\/2"}],"replies":[{"embeddable":true,"href":"https:\/\/entretormentas.com\/index.php?rest_route=%2Fwp%2Fv2%2Fcomments&post=22488"}],"version-history":[{"count":1,"href":"https:\/\/entretormentas.com\/index.php?rest_route=\/wp\/v2\/posts\/22488\/revisions"}],"predecessor-version":[{"id":22490,"href":"https:\/\/entretormentas.com\/index.php?rest_route=\/wp\/v2\/posts\/22488\/revisions\/22490"}],"wp:featuredmedia":[{"embeddable":true,"href":"https:\/\/entretormentas.com\/index.php?rest_route=\/wp\/v2\/media\/22489"}],"wp:attachment":[{"href":"https:\/\/entretormentas.com\/index.php?rest_route=%2Fwp%2Fv2%2Fmedia&parent=22488"}],"wp:term":[{"taxonomy":"category","embeddable":true,"href":"https:\/\/entretormentas.com\/index.php?rest_route=%2Fwp%2Fv2%2Fcategories&post=22488"},{"taxonomy":"post_tag","embeddable":true,"href":"https:\/\/entretormentas.com\/index.php?rest_route=%2Fwp%2Fv2%2Ftags&post=22488"}],"curies":[{"name":"wp","href":"https:\/\/api.w.org\/{rel}","templated":true}]}}