{"id":22498,"date":"2025-09-27T06:00:49","date_gmt":"2025-09-27T10:00:49","guid":{"rendered":"https:\/\/entretormentas.com\/?p=22498"},"modified":"2025-09-27T06:00:50","modified_gmt":"2025-09-27T10:00:50","slug":"diplomacia-en-riesgo-ee-uu-cancela-visa-a-petro-tras-polemicas-declaraciones-sobre-militares-y-trump","status":"publish","type":"post","link":"https:\/\/entretormentas.com\/diplomacia-en-riesgo-ee-uu-cancela-visa-a-petro-tras-polemicas-declaraciones-sobre-militares-y-trump\/","title":{"rendered":"\u00a1DIPLOMACIA EN RIESGO! EE.UU. cancela visa a Petro tras pol\u00e9micas declaraciones sobre militares y Trump"},"content":{"rendered":"\n<p><strong>ENTRE TORMENTAS.<\/strong> El Departamento de Estado de EE.UU. anunci\u00f3 este viernes que le retira el visado al presidente de Colombia, Gustavo Petro, por instar en un acto en Nueva York a soldados estadounidenses \u00aba desobedecer \u00f3rdenes e incitar a la violencia\u00bb.<\/p>\n\n\n\n<p>\u00abEsta ma\u00f1ana, el presidente colombiano, Gustavo Petro, se dirigi\u00f3 a los soldados estadounidenses en una calle de Nueva York inst\u00e1ndolos a desobedecer \u00f3rdenes e incitar a la violencia\u00bb, reza un mensaje del Departamento de Estado en la red social X.<\/p>\n\n\n\n<p>\u00abPor estas acciones imprudentes y provocadoras, revocaremos la visa de Petro\u00bb, a\u00f1ade el escueto mensaje.<br>Petro, en un acto convocado hoy en Nueva York contra la campa\u00f1a israel\u00ed en Gaza pidi\u00f3 a los soldados estadounidenses que desobedezcan mandatos de su Gobierno para as\u00ed permitir que pueda operar un futuro \u00abej\u00e9rcito de salvaci\u00f3n\u00bb multinacional que apoyar\u00eda al pueblo palestino y cuya creaci\u00f3n, dijo, que propondr\u00eda a la Asamblea de Naciones Unidas, donde pronunci\u00f3 un discurso ayer mismo.<\/p>\n\n\n\n<p>\u00ab(Ese ej\u00e9rcito) tiene que ser m\u00e1s grande que el de los EE.UU. Por eso desde aqu\u00ed, desde Nueva Yorkm les pido a todos los soldados del Ej\u00e9rcito de EE.UU. que desobedezcan la orden de (Donald) Trump. Les pido no apuntar contra la humanidad sus fusiles\u201d, clam\u00f3 Petro durante la manifestaci\u00f3n.<\/p>\n\n\n\n<p>El mandatario colombiano asegur\u00f3 que ese futuro ej\u00e9rcito contar\u00eda con efectivos militares procedentes de diferentes pa\u00edses, aunque de momento solo Indonesia ha dicho que apoyar\u00e1 la iniciativa.<br>La propuesta, amparada en la figura de la ONU conocida como \u2018Uniting for Peace\u2019, debe ser respaldada por dos tercios de los Estados miembros en la Asamblea General para poder desarrollar una acci\u00f3n militar coordinada a nivel internacional.<br><strong><em>ET \/ EFE<\/em><\/strong><\/p>\n","protected":false},"excerpt":{"rendered":"<p>ENTRE TORMENTAS. El Departamento de Estado de EE.UU. anunci\u00f3 este viernes que le retira el&#8230;<\/p>\n","protected":false},"author":2,"featured_media":22499,"comment_status":"closed","ping_status":"open","sticky":false,"template":"","format":"standard","meta":{"footnotes":""},"categories":[56,48],"tags":[],"class_list":["post-22498","post","type-post","status-publish","format-standard","has-post-thumbnail","hentry","category-destacadas","category-internacionales"],"_links":{"self":[{"href":"https:\/\/entretormentas.com\/index.php?rest_route=\/wp\/v2\/posts\/22498","targetHints":{"allow":["GET"]}}],"collection":[{"href":"https:\/\/entretormentas.com\/index.php?rest_route=\/wp\/v2\/posts"}],"about":[{"href":"https:\/\/entretormentas.com\/index.php?rest_route=\/wp\/v2\/types\/post"}],"author":[{"embeddable":true,"href":"https:\/\/entretormentas.com\/index.php?rest_route=\/wp\/v2\/users\/2"}],"replies":[{"embeddable":true,"href":"https:\/\/entretormentas.com\/index.php?rest_route=%2Fwp%2Fv2%2Fcomments&post=22498"}],"version-history":[{"count":1,"href":"https:\/\/entretormentas.com\/index.php?rest_route=\/wp\/v2\/posts\/22498\/revisions"}],"predecessor-version":[{"id":22500,"href":"https:\/\/entretormentas.com\/index.php?rest_route=\/wp\/v2\/posts\/22498\/revisions\/22500"}],"wp:featuredmedia":[{"embeddable":true,"href":"https:\/\/entretormentas.com\/index.php?rest_route=\/wp\/v2\/media\/22499"}],"wp:attachment":[{"href":"https:\/\/entretormentas.com\/index.php?rest_route=%2Fwp%2Fv2%2Fmedia&parent=22498"}],"wp:term":[{"taxonomy":"category","embeddable":true,"href":"https:\/\/entretormentas.com\/index.php?rest_route=%2Fwp%2Fv2%2Fcategories&post=22498"},{"taxonomy":"post_tag","embeddable":true,"href":"https:\/\/entretormentas.com\/index.php?rest_route=%2Fwp%2Fv2%2Ftags&post=22498"}],"curies":[{"name":"wp","href":"https:\/\/api.w.org\/{rel}","templated":true}]}}