{"id":22501,"date":"2025-09-27T06:04:36","date_gmt":"2025-09-27T10:04:36","guid":{"rendered":"https:\/\/entretormentas.com\/?p=22501"},"modified":"2025-09-27T06:04:37","modified_gmt":"2025-09-27T10:04:37","slug":"maple-zayu-y-clutch-fifa-da-a-conocer-las-mascotas-oficiales-del-mundial-2026","status":"publish","type":"post","link":"https:\/\/entretormentas.com\/maple-zayu-y-clutch-fifa-da-a-conocer-las-mascotas-oficiales-del-mundial-2026\/","title":{"rendered":"\u00a1MAPLE, ZAYU Y CLUTCH! FIFA da a conocer las mascotas oficiales del Mundial 2026"},"content":{"rendered":"\n<p><strong>ENTRE TORMENTAS. <\/strong>La FIFA devel\u00f3 este jueves a las tres mascotas oficiales de la Copa del Mundo 2026, que se celebrar\u00e1 en Estados Unidos, M\u00e9xico y Canad\u00e1.<\/p>\n\n\n\n<p>Se trata de Maple, Zayu y Clutch, tres coloridos personajes que representan a cada uno de los anfitriones del m\u00e1ximo torneo de seleccioens y que prometen irradiar un sello distintivo a esta edici\u00f3n, que por primera vez en la historia se disputar\u00e1 en tres pa\u00edses, seg\u00fan publica Mundo UR.<\/p>\n\n\n\n<p>\u00abMaple, el alce canadiense; Zayu, el jaguar mexicano, y Clutch, el \u00e1guila americana, fueron creados para dar vida a la riqueza cultural, el legado y el esp\u00edritu de cada pa\u00eds anfitri\u00f3n, y para transmitir un mensaje de uni\u00f3n, diversidad y pasi\u00f3n por el deporte m\u00e1s popular del mundo\u00bb, inform\u00f3 en un comunicado la FIFA.<\/p>\n\n\n\n<p>El organismo regulador del f\u00fatbol internacional present\u00f3 a las tres mascotas en un breve video publicado en sus redes sociales, en el que indic\u00f3 que cada uno de estos animales ocupa una posici\u00f3n distinta en el campo.<\/p>\n\n\n\n<p>Maple, vestido con los colores rojos de Canad\u00e1, usa los guantes caracter\u00edsticos de los porteros, y destaca \u00abpor su creatividad, resiliencia y un aut\u00e9ntico individualismo\u00bb, seg\u00fan la FIFA.<\/p>\n\n\n\n<figure class=\"wp-block-image size-large\"><img fetchpriority=\"high\" decoding=\"async\" width=\"818\" height=\"1024\" src=\"https:\/\/entretormentas.com\/wp-content\/uploads\/2025\/09\/mascomun2-818x1024.jpeg\" alt=\"\" class=\"wp-image-22502\" srcset=\"https:\/\/entretormentas.com\/wp-content\/uploads\/2025\/09\/mascomun2-818x1024.jpeg 818w, https:\/\/entretormentas.com\/wp-content\/uploads\/2025\/09\/mascomun2-240x300.jpeg 240w, https:\/\/entretormentas.com\/wp-content\/uploads\/2025\/09\/mascomun2-768x961.jpeg 768w, https:\/\/entretormentas.com\/wp-content\/uploads\/2025\/09\/mascomun2.jpeg 863w\" sizes=\"(max-width: 818px) 100vw, 818px\" \/><\/figure>\n\n\n\n<p>Mientras que Zayu, quien encarna \u00abel valioso patrimonio y el dinamismo\u00bb de M\u00e9xico, se desempe\u00f1a como delantero, posici\u00f3n desde la que \u00abintimida a los defensores con su excepcional agilidad y velocidad\u00bb.<\/p>\n\n\n\n<p>Por \u00faltimo, Clutch es centrocampista \u00abpredica con el ejemplo levantando el \u00e1nimo de su equipo con energ\u00eda y determinaci\u00f3n y tiene una personalidad arrolladora y le encanta el deporte\u00bb.<\/p>\n\n\n\n<p>El presidente de la FIFA, Gianni Infantino, destac\u00f3 en el comunicado que los tres animales \u00abtransmiten alegr\u00eda, emoci\u00f3n y ese esp\u00edritu de uni\u00f3n que define a la Copa Mundial de la FIFA\u00bb y ser\u00e1n un \u00abelemento esencial del ambiente festivo\u00bb que rodear\u00e1 al torneo, que se disputar\u00e1 entre del 11 de junio al 19 de julio de 2026.<\/p>\n\n\n\n<p>\u00abYa puedo imaginarlos en las camisetas de los ni\u00f1os, chocando manos con las leyendas del f\u00fatbol y, por primera vez, como protagonistas de videojuegos que disfrutar\u00e1n millones de personas\u00bb, se\u00f1al\u00f3 Infantino, puesto que los tres animales estar\u00e1n en un videojuego de la FIFA que saldr\u00e1 el pr\u00f3ximo a\u00f1o.<\/p>\n\n\n\n<p>El sorteo de la fase de grupos del Mundial, en el que por primera vez participar\u00e1n 48 selecciones, tendr\u00e1 lugar el pr\u00f3ximo 5 de diciembre en Washington.<br><strong><em>ET \/ Agencias<\/em><\/strong><\/p>\n\n\n\n<p><\/p>\n","protected":false},"excerpt":{"rendered":"<p>ENTRE TORMENTAS. La FIFA devel\u00f3 este jueves a las tres mascotas oficiales de la Copa&#8230;<\/p>\n","protected":false},"author":2,"featured_media":22503,"comment_status":"closed","ping_status":"open","sticky":false,"template":"","format":"standard","meta":{"footnotes":""},"categories":[53,56],"tags":[],"class_list":["post-22501","post","type-post","status-publish","format-standard","has-post-thumbnail","hentry","category-deportes","category-destacadas"],"_links":{"self":[{"href":"https:\/\/entretormentas.com\/index.php?rest_route=\/wp\/v2\/posts\/22501","targetHints":{"allow":["GET"]}}],"collection":[{"href":"https:\/\/entretormentas.com\/index.php?rest_route=\/wp\/v2\/posts"}],"about":[{"href":"https:\/\/entretormentas.com\/index.php?rest_route=\/wp\/v2\/types\/post"}],"author":[{"embeddable":true,"href":"https:\/\/entretormentas.com\/index.php?rest_route=\/wp\/v2\/users\/2"}],"replies":[{"embeddable":true,"href":"https:\/\/entretormentas.com\/index.php?rest_route=%2Fwp%2Fv2%2Fcomments&post=22501"}],"version-history":[{"count":1,"href":"https:\/\/entretormentas.com\/index.php?rest_route=\/wp\/v2\/posts\/22501\/revisions"}],"predecessor-version":[{"id":22504,"href":"https:\/\/entretormentas.com\/index.php?rest_route=\/wp\/v2\/posts\/22501\/revisions\/22504"}],"wp:featuredmedia":[{"embeddable":true,"href":"https:\/\/entretormentas.com\/index.php?rest_route=\/wp\/v2\/media\/22503"}],"wp:attachment":[{"href":"https:\/\/entretormentas.com\/index.php?rest_route=%2Fwp%2Fv2%2Fmedia&parent=22501"}],"wp:term":[{"taxonomy":"category","embeddable":true,"href":"https:\/\/entretormentas.com\/index.php?rest_route=%2Fwp%2Fv2%2Fcategories&post=22501"},{"taxonomy":"post_tag","embeddable":true,"href":"https:\/\/entretormentas.com\/index.php?rest_route=%2Fwp%2Fv2%2Ftags&post=22501"}],"curies":[{"name":"wp","href":"https:\/\/api.w.org\/{rel}","templated":true}]}}