{"id":22505,"date":"2025-09-28T08:49:17","date_gmt":"2025-09-28T12:49:17","guid":{"rendered":"https:\/\/entretormentas.com\/?p=22505"},"modified":"2025-09-28T08:49:18","modified_gmt":"2025-09-28T12:49:18","slug":"con-la-gente-partido-unt-vuelve-a-cristo-de-aranza-para-otra-jornada-social","status":"publish","type":"post","link":"https:\/\/entretormentas.com\/con-la-gente-partido-unt-vuelve-a-cristo-de-aranza-para-otra-jornada-social\/","title":{"rendered":"\u00a1CON LA GENTE! Partido UNT vuelve a Cristo de Aranza para otra jornada social"},"content":{"rendered":"\n<p><strong>ENTRE TORMENTAS. <\/strong>En UNT la democracia social no es s\u00f3lo un fin que significa compromiso pol\u00edtico, medidas de redistribuci\u00f3n del ingreso o regular la econom\u00eda del pa\u00eds en la b\u00fasqueda del bienestar de la gente, sino que es la calle, la barriada o el sector popular donde a diario ayuda, asiste o socorre a los m\u00e1s vulnerables, estando o no en funciones de gobierno.<\/p>\n\n\n\n<p>En cumplimiento de ese postulado la gente del partido de la casita azul movi\u00f3 a su dirigencia en la parroquia Cristo de Aranza II, liderados por el concejal Alejandro Fern\u00e1ndez, en otra jornada desarrollada en el sector La Rancher\u00eda, donde las madres de familia, sus hijos menores y personas de la tercera edad recibieron atenci\u00f3n m\u00e9dica y social.<\/p>\n\n\n\n<p>Fern\u00e1ndez dijo que m\u00e1s de cien personas de La Rancher\u00eda fueron evaluadas por m\u00e9dicos y el equipo de salud, ofreci\u00e9ndoles a los menores examen cardiovascular escolar, desparasitaci\u00f3n, control de presi\u00f3n arterial, \u00abArepazo Power\u00bb, pinta caritas a ni\u00f1os y ni\u00f1as, donaci\u00f3n de setenta vasos para el comedor de la escuela \u00abAdela Lozano\u00bb y el obsequio de pa\u00f1ales y kit para reci\u00e9n nacidos a parturientas de muy escasos recursos.<\/p>\n\n\n\n<figure class=\"wp-block-image size-large\"><img fetchpriority=\"high\" decoding=\"async\" width=\"721\" height=\"1024\" src=\"https:\/\/entretormentas.com\/wp-content\/uploads\/2025\/09\/untsocial2-721x1024.jpeg\" alt=\"\" class=\"wp-image-22506\" srcset=\"https:\/\/entretormentas.com\/wp-content\/uploads\/2025\/09\/untsocial2-721x1024.jpeg 721w, https:\/\/entretormentas.com\/wp-content\/uploads\/2025\/09\/untsocial2-211x300.jpeg 211w, https:\/\/entretormentas.com\/wp-content\/uploads\/2025\/09\/untsocial2.jpeg 737w\" sizes=\"(max-width: 721px) 100vw, 721px\" \/><\/figure>\n\n\n\n<p>El equipo humano que hizo posible esta nueva jornada, adem\u00e1s del concejal Alejandro Fern\u00e1ndez, lo integraron Jacqueline Portillo, legisladora; Jacqueline Romero, secretaria general parroquial de UNT; Jos\u00e9 Ludovic de organizaci\u00f3n; Luismel M\u00e9ndez, responsable electoral; Gabriel Palencia de la juventud; la m\u00e9dico Lidy Pi\u00f1a de salud y Ana Quijada, secretaria pol\u00edtica, entre otros.<\/p>\n\n\n\n<p>\u00abDesde temprano la receptividad de la gente fue importante con la atenci\u00f3n a m\u00e1s de 92 familias que permiti\u00f3 la entrega de 87 ex\u00e1menes cardiovasculares. Aparte de eso atendimos a m\u00e1s de 57 ni\u00f1os con desparasitaci\u00f3n, pinta caritas y les entregamos un \u00abArepazo Power\u00bb que estamos llevando a las parroquias que ayuda a alimentar a los menores y a gente muy necesitada\u00bb, asegur\u00f3.<\/p>\n\n\n\n<p>Explic\u00f3, &#8211;ya concluyendo&#8211;, que este tipo de esfuerzo significa estar presente a diario en las comunidades \u00abdando cara y rostro social a toda la gesti\u00f3n que hemos venido cumpliendo como concejal y dirigente del partido que representamos. Ha sido una jornada social hecha con mucho cari\u00f1o que demuestra que la democracia social es de puertas abiertas en favor de la gente\u00bb.<br><strong><em>ET \/ Nota de Prensa<\/em><\/strong><\/p>\n\n\n\n<p><\/p>\n","protected":false},"excerpt":{"rendered":"<p>ENTRE TORMENTAS. En UNT la democracia social no es s\u00f3lo un fin que significa compromiso&#8230;<\/p>\n","protected":false},"author":2,"featured_media":22507,"comment_status":"closed","ping_status":"open","sticky":false,"template":"","format":"standard","meta":{"footnotes":""},"categories":[57,1],"tags":[],"class_list":["post-22505","post","type-post","status-publish","format-standard","has-post-thumbnail","hentry","category-actualidad","category-regionales"],"_links":{"self":[{"href":"https:\/\/entretormentas.com\/index.php?rest_route=\/wp\/v2\/posts\/22505","targetHints":{"allow":["GET"]}}],"collection":[{"href":"https:\/\/entretormentas.com\/index.php?rest_route=\/wp\/v2\/posts"}],"about":[{"href":"https:\/\/entretormentas.com\/index.php?rest_route=\/wp\/v2\/types\/post"}],"author":[{"embeddable":true,"href":"https:\/\/entretormentas.com\/index.php?rest_route=\/wp\/v2\/users\/2"}],"replies":[{"embeddable":true,"href":"https:\/\/entretormentas.com\/index.php?rest_route=%2Fwp%2Fv2%2Fcomments&post=22505"}],"version-history":[{"count":1,"href":"https:\/\/entretormentas.com\/index.php?rest_route=\/wp\/v2\/posts\/22505\/revisions"}],"predecessor-version":[{"id":22508,"href":"https:\/\/entretormentas.com\/index.php?rest_route=\/wp\/v2\/posts\/22505\/revisions\/22508"}],"wp:featuredmedia":[{"embeddable":true,"href":"https:\/\/entretormentas.com\/index.php?rest_route=\/wp\/v2\/media\/22507"}],"wp:attachment":[{"href":"https:\/\/entretormentas.com\/index.php?rest_route=%2Fwp%2Fv2%2Fmedia&parent=22505"}],"wp:term":[{"taxonomy":"category","embeddable":true,"href":"https:\/\/entretormentas.com\/index.php?rest_route=%2Fwp%2Fv2%2Fcategories&post=22505"},{"taxonomy":"post_tag","embeddable":true,"href":"https:\/\/entretormentas.com\/index.php?rest_route=%2Fwp%2Fv2%2Ftags&post=22505"}],"curies":[{"name":"wp","href":"https:\/\/api.w.org\/{rel}","templated":true}]}}